{"id":1698,"date":"2025-04-29T15:36:09","date_gmt":"2025-04-29T13:36:09","guid":{"rendered":"https:\/\/www.laboratoireslelegard.com\/?p=1698"},"modified":"2025-04-29T15:36:09","modified_gmt":"2025-04-29T13:36:09","slug":"reglement-2023-2055-microplastiques","status":"publish","type":"post","link":"https:\/\/www.laboratoireslelegard.com\/it_ch\/2025\/04\/29\/reglement-2023-2055-microplastiques\/","title":{"rendered":"R\u00e8glement Microplastiques"},"content":{"rendered":"<div data-elementor-type=\"wp-post\" data-elementor-id=\"1698\" class=\"elementor elementor-1698\" data-elementor-post-type=\"post\">\n\t\t\t\t\t\t<section class=\"elementor-section elementor-top-section elementor-element elementor-element-8d23ac4 elementor-section-boxed elementor-section-height-default elementor-section-height-default\" data-id=\"8d23ac4\" data-element_type=\"section\">\n\t\t\t\t\t\t<div class=\"elementor-container elementor-column-gap-default\">\n\t\t\t\t\t<div class=\"elementor-column elementor-col-100 elementor-top-column elementor-element elementor-element-cef40de\" data-id=\"cef40de\" data-element_type=\"column\">\n\t\t\t<div class=\"elementor-widget-wrap elementor-element-populated\">\n\t\t\t\t\t\t<div class=\"elementor-element elementor-element-36a928b elementor-widget__width-initial elementor-widget elementor-widget-text-editor\" data-id=\"36a928b\" data-element_type=\"widget\" data-widget_type=\"text-editor.default\">\n\t\t\t\t<div class=\"elementor-widget-container\">\n\t\t\t\t\t\t\t\t\t<h3>R\u00e8glement Microplastiques : un tournant r\u00e9glementaire pour l\u2019industrie cosm\u00e9tique en Europe<\/h3><h4>Des microplastiques au c\u0153ur des pr\u00e9occupations environnementales et r\u00e9glementaires<\/h4><p>Les microplastiques, ces particules minuscules mais persistantes, sont au c\u0153ur des pr\u00e9occupations <br \/>environnementales et sanitaires. Utilis\u00e9s dans les produits cosm\u00e9tiques pour leurs propri\u00e9t\u00e9s <br \/>fonctionnelles (exfoliantes, filmog\u00e8nes, ou encore pour am\u00e9liorer la texture), ils sont aujourd\u2019hui cibl\u00e9s <br \/>par une r\u00e9glementation europ\u00e9enne ambitieuse visant \u00e0 limiter leur dispersion dans l\u2019environnement.<\/p><p>Leur accumulation dans les sols, les milieux aquatiques et m\u00eame dans la cha\u00eene alimentaire inqui\u00e8te <br \/>de plus en plus. Des \u00e9tudes r\u00e9centes soulignent leurs effets potentiellement n\u00e9fastes sur la faune, ainsi <br \/>que les risques \u00e9mergents pour la sant\u00e9 humaine.<\/p><p>Face \u00e0 ces enjeux, l\u2019Union europ\u00e9enne a engag\u00e9 une r\u00e9ponse structur\u00e9e. Si certains \u00c9tats membres <br \/>avaient d\u00e9j\u00e0 pris des mesures individuelles, la Commission europ\u00e9enne a souhait\u00e9 harmoniser ces <br \/>initiatives. Elle a mandat\u00e9 l\u2019Agence europ\u00e9enne des produits chimiques (ECHA) pour proposer une <br \/>restriction fond\u00e9e sur des donn\u00e9es scientifiques robustes. Le r\u00e8glement (UE) 2023\/2055 en est le <br \/>r\u00e9sultat.<\/p><h4>Champ d\u2019application et d\u00e9finition des microplastiques<\/h4><p>L\u2019ECHA d\u00e9finit un microplastique comme une particule de taille inf\u00e9rieure ou \u00e9gale \u00e0 5 mm, contenant un polym\u00e8re solide, avec ou sans additifs.<\/p><p>Sur cette base, le r\u00e8glement (UE) 2023\/2055 restreint l\u2019utilisation intentionnelle des microparticules <br \/>de polym\u00e8res synth\u00e9tiques (MPS) dans les produits mis sur le march\u00e9 europ\u00e9en, au-del\u00e0 d\u2019un seuil de <br \/>concentration de 0,01 % en masse. Cette restriction est entr\u00e9e en vigueur \u00e0 compter du 17 octobre <br \/>2023 \u00e0 la suite de la publication du r\u00e8glement.<\/p><p>La d\u00e9finition r\u00e9glementaire des microplastiques repose sur plusieurs crit\u00e8res : taille des particules, <br \/>pourcentage massique, nature du polym\u00e8re. En effet, un polym\u00e8re est consid\u00e9r\u00e9 comme une MPS s\u2019il r\u00e9pond cumulativement \u00e0 ces trois conditions :<\/p><p><strong>1. Les polym\u00e8res doivent \u00eatre \u00e0 la fois :<\/strong><\/p><ul><li>Solides ; et\u00a0<\/li><li>\u00a0Soit des polym\u00e8res synth\u00e9tiques, soit des polym\u00e8res naturels modifi\u00e9s chimiquement ; et<\/li><li>Organiques (c\u2019est-\u00e0-dire contenant des atomes de carbone n\u2019importe o\u00f9 dans leur structure), <br \/>et<\/li><li>Non d\u00e9gradables, lorsqu\u2019ils sont test\u00e9s conform\u00e9ment \u00e0 l\u2019appendice 15 de l\u2019annexe XVII de <br \/>REACH ; et<\/li><li>\u00ab Insolubles \u00bb, c\u2019est-\u00e0-dire qu\u2019ils ne pr\u00e9sentent pas une solubilit\u00e9 sup\u00e9rieure \u00e0 2 g\/L lorsqu\u2019ils <br \/>sont test\u00e9s conform\u00e9ment \u00e0 l\u2019appendice 16 de l\u2019annexe XVII de REACH<\/li><\/ul><p><strong>2. Les polym\u00e8res doivent r\u00e9pondre \u00e0 l\u2019un des deux crit\u00e8res suivants :<\/strong><\/p><ul><li>\u00catre pr\u00e9sents dans des particules \u00e0 une concentration sup\u00e9rieure ou \u00e9gale \u00e0 1 % en poids <br \/>(c\u2019est-\u00e0-dire que le poids du ou des polym\u00e8res repr\u00e9sente entre 1 % et 100 % du poids total de <br \/>la particule qui les contient) ; ou<\/li><li>Former un rev\u00eatement continu autour de particules (y compris celles \u00e0 c\u0153ur liquide, comme <br \/>les v\u00e9sicules). Dans ce cas, aucune limite de concentration ne s\u2019applique. Le rev\u00eatement doit <br \/>\u00eatre continu, c\u2019est-\u00e0-dire qu\u2019il ne peut pas \u00eatre constitu\u00e9 de zones isol\u00e9es de polym\u00e8res qui ne <br \/>se touchent pas. En revanche, il n\u2019est pas n\u00e9cessaire que ce rev\u00eatement couvre enti\u00e8rement <br \/>la surface : la pr\u00e9sence de petits espaces dans le rev\u00eatement est tol\u00e9r\u00e9e.<\/li><\/ul><p><strong>3. Au moins 1 % en poids des particules contenant ou enrob\u00e9es de polym\u00e8res solides doivent <\/strong><br \/><strong>mesurer 5 mm ou moins dans toutes leurs dimensions.<\/strong> Certaines particules de polym\u00e8re <br \/>synth\u00e9tique de type fibre ont une longueur sup\u00e9rieure \u00e0 5 mm mais inf\u00e9rieure \u00e0 15 mm. \u00c9tant <br \/>donn\u00e9 que ces particules de type fibre sont tr\u00e8s persistantes et contribuent au risque identifi\u00e9, <br \/>le dossier annexe XV a estim\u00e9 qu\u2019elles devaient \u00eatre incluses dans le champ d\u2019application de <br \/>la restriction.<\/p><p>Un polym\u00e8re (ou une combinaison de polym\u00e8res) qui remplit les trois conditions ci-dessus est une <br \/>MPS. S\u2019il ne remplit pas une ou plusieurs de ces trois conditions, il n&rsquo;est pas une MPS et n&rsquo;est donc pas <br \/>concern\u00e9 par la restriction.<\/p><p>En effet, certaines substances sont exclues de cette d\u00e9finition, notamment les polym\u00e8res solubles ou <br \/>biod\u00e9gradables, ou bien font l\u2019objet d\u2019exemption pr\u00e9vues dans des cas pr\u00e9cis :<\/p><ul><li>Les MPS utilis\u00e9s exclusivement sur les sites industriels ;<\/li><li>Les MPS utilis\u00e9s dans des contextes sp\u00e9cifiques couverts par d\u2019autres r\u00e8glements tels que <br \/>dans des m\u00e9dicaments, des produits fertilisants, des dispositifs m\u00e9dicaux ou encore dans <br \/>des additifs alimentaires, entre autres ;<\/li><li>Les MPS encapsul\u00e9s de mani\u00e8re \u00e0 ne pas \u00eatre lib\u00e9r\u00e9s dans l\u2019environnement ;<\/li><li>Ceux dont les propri\u00e9t\u00e9s sont alt\u00e9r\u00e9es de fa\u00e7on permanente avant la fin de vie du produit ;<\/li><li>Ceux int\u00e9gr\u00e9s de mani\u00e8re irr\u00e9versible dans une matrice solide.<\/li><\/ul><p><img fetchpriority=\"high\" decoding=\"async\" class=\"size-medium wp-image-1700 aligncenter\" src=\"https:\/\/www.laboratoireslelegard.com\/wp-content\/uploads\/2025\/04\/Capture-decran_23-4-2025_10459_-270x300.jpeg\" alt=\"\" width=\"270\" height=\"300\" srcset=\"https:\/\/www.laboratoireslelegard.com\/wp-content\/uploads\/2025\/04\/Capture-decran_23-4-2025_10459_-270x300.jpeg 270w, https:\/\/www.laboratoireslelegard.com\/wp-content\/uploads\/2025\/04\/Capture-decran_23-4-2025_10459_-768x853.jpeg 768w, https:\/\/www.laboratoireslelegard.com\/wp-content\/uploads\/2025\/04\/Capture-decran_23-4-2025_10459_-441x490.jpeg 441w, https:\/\/www.laboratoireslelegard.com\/wp-content\/uploads\/2025\/04\/Capture-decran_23-4-2025_10459_-600x666.jpeg 600w, https:\/\/www.laboratoireslelegard.com\/wp-content\/uploads\/2025\/04\/Capture-decran_23-4-2025_10459_-150x167.jpeg 150w, https:\/\/www.laboratoireslelegard.com\/wp-content\/uploads\/2025\/04\/Capture-decran_23-4-2025_10459_.jpeg 860w\" sizes=\"(max-width: 270px) 100vw, 270px\" \/><\/p><p><em><strong>Sch\u00e9ma d\u2019identification des MPS soumis \u00e0 restriction selon le r\u00e8glement (UE) 2023\/2055 (Sch\u00e9ma extrait du guide publi\u00e9 <\/strong><\/em><em><strong>par la commission europ\u00e9enne \u2013 Explanatory Guide 2025)<\/strong><\/em><\/p><p>Ce sch\u00e9ma d\u00e9cisionnel guide les op\u00e9rateurs dans l\u2019\u00e9valuation de la pr\u00e9sence et de la restriction \u00e9ventuelle des microparticules de polym\u00e8res synth\u00e9tiques (SPM) dans les substances ou m\u00e9langes mis sur le march\u00e9. Il repose sur une approche en trois niveaux (Tier 1 \u00e0 Tier 3) permettant de d\u00e9terminer :<\/p><ul><li>Si les polym\u00e8res pr\u00e9sents r\u00e9pondent \u00e0 la d\u00e9finition r\u00e9glementaire des SPM,<\/li><li>Si leur concentration d\u00e9passe le seuil r\u00e9glementaire de 0,01 % en masse,<\/li><li>Et si des restrictions s\u2019appliquent.<\/li><\/ul><p>Les renvois \u00e0 d&rsquo;autres figures ou sections du r\u00e8glement facilitent l\u2019interpr\u00e9tation d\u00e9taill\u00e9e des crit\u00e8res d\u2019\u00e9valuation.<\/p><h4>Calendrier de mise en \u0153uvre<\/h4><p>Afin de laisser le temps n\u00e9cessaire \u00e0 l\u2019industrie pour s\u2019adapter, des p\u00e9riodes de transition diff\u00e9renci\u00e9es <br \/>ont \u00e9t\u00e9 d\u00e9finies selon les cat\u00e9gories de produits :<\/p><ul><li>Depuis le 1er juillet 2018 : Interdiction des microbilles dans les produits rinc\u00e9s.<\/li><li>D\u2019ici le 17 Octobre 2027 : Fin de la p\u00e9riode de transition pour l\u2019ensemble des produits rinc\u00e9s.<\/li><li>D\u2019ici le 17 Octobre 2029 : Fin de la p\u00e9riode de transition pour les produits non rinc\u00e9s et les <br \/>parfums encapsul\u00e9s.<\/li><li>D\u2019ici le 17 Octobre 2035 : Fin de la p\u00e9riode de transition pour les produits de maquillage, les <br \/>produits pour les l\u00e8vres et pour les ongles.<\/li><\/ul><p>Certains usages sp\u00e9cifiques, comme les parfums encapsul\u00e9s ou les paillettes (compos\u00e9es de plastique et d\u2019aluminium), b\u00e9n\u00e9ficient de d\u00e9lais \u00e9tendus, compte tenu de l\u2019absence d\u2019alternatives viables \u00e0 ce jour.<\/p><h4>Responsabilisation des acteurs et transparence<\/h4><p>\u00c0 partir du 17 octobre 2025, les fournisseurs de microparticules de polym\u00e8re synth\u00e9tique destin\u00e9es \u00e0 <br \/>\u00eatre utilis\u00e9es sur des sites industriels, devront fournir les informations suivantes :<\/p><ul><li>Des instructions d\u2019utilisation et d\u2019\u00e9limination destin\u00e9es aux utilisateurs industriels en aval, afin <br \/>de leur expliquer comment limiter les rejets de microparticules de polym\u00e8re synth\u00e9tique dans <br \/>l\u2019environnement ;<\/li><li>La d\u00e9claration suivante : \u00ab Les microparticules de polym\u00e8re synth\u00e9tique fournies sont <br \/>soumises aux conditions d\u00e9finies \u00e0 l\u2019entr\u00e9e 78 de l\u2019annexe XVII du r\u00e8glement (CE) n\u00b0 1907\/2006 <br \/>du Parlement europ\u00e9en et du Conseil. \u00bb<\/li><li>Des informations sur la quantit\u00e9 ou, si applicable, la concentration de microparticules de <br \/>polym\u00e8re synth\u00e9tique pr\u00e9sentes dans la substance ou le m\u00e9lange ;<\/li><li>Des informations g\u00e9n\u00e9riques sur l\u2019identit\u00e9 des polym\u00e8res contenus dans la substance ou le <br \/>m\u00e9lange, permettant aux fabricants, aux utilisateurs industriels en aval et aux autres <br \/>fournisseurs de respecter leurs obligations.<\/li><\/ul><p>Par ailleurs, \u00e0 partir du 17 octobre 2025, les fournisseurs d\u2019additifs alimentaires contenant des MPS et <br \/>de produits dans lesquels les MPS restent confin\u00e9s (par exemple dans une matrice solide) devront tous <br \/>fournir des instructions d\u2019utilisation et d\u2019\u00e9limination \u00e0 destination des utilisateurs professionnels et du <br \/>grand public, afin de pr\u00e9venir le rejet de microparticules de polym\u00e8re synth\u00e9tique dans <br \/>l\u2019environnement.<\/p><p>Il en va de m\u00eame \u00e0 partir du 17 octobre 2026 pour les fournisseurs de dispositifs de diagnostic in vitro.<\/p><p>Ces consignes doivent \u00eatre accessibles dans les langues officielles des pays o\u00f9 les produits sont <br \/>commercialis\u00e9s, et disponibles \u00e9galement en version num\u00e9rique.<\/p><p>Entre le 17 octobre 2031 et le 16 octobre 2035, les produits pour les l\u00e8vres, les ongles et le maquillage <br \/>devront porter la mention : \u00ab Ce produit contient des microplastiques \u00bb, sauf ceux mis sur le march\u00e9 <br \/>avant cette date.<\/p><h4>Obligations de d\u00e9claration pour les usages industriels exempt\u00e9s<\/h4><p>Pour les usages industriels b\u00e9n\u00e9ficiant d\u2019exemptions, des obligations de d\u00e9claration sp\u00e9cifiques sont <br \/>introduites. Ils doivent fournir les informations suivantes :<\/p><ul><li>Description des usages concern\u00e9s,<\/li><li>Identification des polym\u00e8res utilis\u00e9s,<\/li><li>Quantit\u00e9s estim\u00e9es de MPS rel\u00e2ch\u00e9es dans l\u2019environnement.<\/li><\/ul><p>Les acteurs de la cha\u00eene d\u2019approvisionnement soumis \u00e0 cette obligation devront transmettre \u00e0 l\u2019ECHA, <br \/>avant le 31 mai de chaque ann\u00e9e, les \u00e9missions estim\u00e9es de MPS li\u00e9es \u00e0 l\u2019utilisation de ces substances <br \/>ou produits.<\/p><p>Cette exigence vise \u00e0 \u00e9valuer l\u2019efficacit\u00e9 des mesures d\u2019utilisation et d\u2019\u00e9limination mises en place pour <br \/>les usages d\u00e9rogatoires, ainsi que de la restriction dans son ensemble. Les donn\u00e9es collect\u00e9es seront <br \/>centralis\u00e9es par l\u2019ECHA, puis transmises aux \u00c9tats membres et \u00e0 la Commission europ\u00e9enne, afin <br \/>d\u2019identifier :<\/p><ul><li>Les usages n\u00e9cessitant une gestion des risques renforc\u00e9e ;<\/li><li>Ceux pour lesquels les \u00e9missions diminuent significativement avec le temps.<\/li><\/ul><h4>Une \u00e9tape structurante vers une industrie plus durable<\/h4><p>L\u2019interdiction progressive des microplastiques intentionnels marque une \u00e9tape importante dans la politique environnementale de l\u2019Union europ\u00e9enne. Elle pousse l\u2019industrie cosm\u00e9tique \u00e0 adapter ses pratiques, \u00e0 d\u00e9velopper des alternatives plus durables et \u00e0 renforcer la transparence envers les <br \/>consommateurs.<\/p><h4>Et les laboratoires Lel\u00e9gard dans tout cela ?<\/h4><p>Chez les Laboratoires Lel\u00e9gard, nous faisons de la conformit\u00e9 un levier de diff\u00e9renciation. Notre \u00e9quipe <br \/>d\u2019experts vous accompagne \u00e0 chaque \u00e9tape afin d\u2019anticiper et d\u2019int\u00e9grer sereinement les exigences du <br \/>r\u00e8glement (UE) 2023\/2055 : analyse de vos formules, identification des substances concern\u00e9es, <br \/>\u00e9valuation des exemptions, mentions d\u2019\u00e9tiquetage, reporting \u00e0 l\u2019ECHA&#8230;<\/p><p>Notre objectif ? Que vous transformiez cette contrainte r\u00e9glementaire en <strong>opportunit\u00e9 d\u2019innovation, <\/strong><br \/><strong>de transparence et de valorisation<\/strong> de vos engagements environnementaux.<\/p><p>\u00a0 \u00a0 \u00a0 \u00a0 \u00a0 \u00a0 \u00a0 \u00a0 \u00a0 \u00a0 \u00a0 \u00a0 \u00a0 \u00a0 \u00a0 \u00a0 \u00a0 \u00a0 \u00a0 \u00a0 \u00a0 \u00a0 \u00a0 \u00a0 \u00a0 \u00a0 \u00a0 \u00a0 \u00a0 \u00a0 \u00a0 \u00a0 \u00a0 \u00a0 \u00a0 \u00a0 Gagnez du temps, <br \/>\u00a0 \u00a0 \u00a0 \u00a0 \u00a0 \u00a0 \u00a0 \u00a0 \u00a0 \u00a0 \u00a0 \u00a0 \u00a0 \u00a0 \u00a0 \u00a0 \u00a0 \u00a0 \u00a0 \u00a0 \u00a0 \u00a0 \u00a0 \u00a0 \u00a0 \u00a0 \u00a0 \u00a0 \u00a0 \u00a0 S\u00e9curisez vos lancements produits, <br \/>\u00a0 \u00a0 \u00a0 \u00a0 \u00a0 \u00a0 \u00a0 \u00a0 \u00a0 \u00a0 \u00a0 \u00a0 \u00a0 \u00a0 \u00a0 \u00a0 \u00a0 \u00a0Et faites de la conformit\u00e9 un <strong>atout strat\u00e9gique pour votre marque.<\/strong><\/p>\t\t\t\t\t\t\t\t<\/div>\n\t\t\t\t<\/div>\n\t\t\t\t\t<\/div>\n\t\t<\/div>\n\t\t\t\t\t<\/div>\n\t\t<\/section>\n\t\t\t\t<\/div>","protected":false},"excerpt":{"rendered":"<p>R\u00e8glement Microplastiques : un tournant r\u00e9glementaire pour l\u2019industrie cosm\u00e9tique en Europe Des microplastiques au c\u0153ur des pr\u00e9occupations environnementales et r\u00e9glementaires Les microplastiques, ces particules minuscules mais persistantes, sont au c\u0153ur des pr\u00e9occupations environnementales et sanitaires. Utilis\u00e9s dans les produits cosm\u00e9tiques pour leurs propri\u00e9t\u00e9s fonctionnelles (exfoliantes, filmog\u00e8nes, ou encore pour am\u00e9liorer la texture), ils sont aujourd\u2019hui [&hellip;]<\/p>","protected":false},"author":7,"featured_media":1699,"comment_status":"open","ping_status":"open","sticky":false,"template":"","format":"standard","meta":{"_acf_changed":false,"footnotes":""},"categories":[124],"tags":[],"class_list":["post-1698","post","type-post","status-publish","format-standard","has-post-thumbnail","hentry","category-reglementation"],"acf":[],"yoast_head":"<!-- This site is optimized with the Yoast SEO plugin v24.6 - https:\/\/yoast.com\/wordpress\/plugins\/seo\/ -->\n<title>R\u00e8glement Microplastiques<\/title>\n<meta name=\"description\" content=\"Les microplastiques, ces particules minuscules mais persistantes, sont au c\u0153ur des pr\u00e9occupations environnementales et sanitaires. Utilis\u00e9s dans les produits cosm\u00e9tiques pour leurs propri\u00e9t\u00e9s fonctionnelles, ils sont aujourd\u2019hui cibl\u00e9s par une r\u00e9glementation europ\u00e9enne ambitieuse visant \u00e0 limiter leur dispersion dans l\u2019environnement.\" \/>\n<meta name=\"robots\" content=\"index, follow, max-snippet:-1, max-image-preview:large, max-video-preview:-1\" \/>\n<link rel=\"canonical\" href=\"https:\/\/www.laboratoireslelegard.com\/it_ch\/2025\/04\/29\/reglement-2023-2055-microplastiques\/\" \/>\n<meta property=\"og:locale\" content=\"it_IT\" \/>\n<meta property=\"og:type\" content=\"article\" \/>\n<meta property=\"og:title\" content=\"R\u00e8glement Microplastiques\" \/>\n<meta property=\"og:description\" content=\"Les microplastiques, ces particules minuscules mais persistantes, sont au c\u0153ur des pr\u00e9occupations environnementales et sanitaires. Utilis\u00e9s dans les produits cosm\u00e9tiques pour leurs propri\u00e9t\u00e9s fonctionnelles, ils sont aujourd\u2019hui cibl\u00e9s par une r\u00e9glementation europ\u00e9enne ambitieuse visant \u00e0 limiter leur dispersion dans l\u2019environnement.\" \/>\n<meta property=\"og:url\" content=\"https:\/\/www.laboratoireslelegard.com\/it_ch\/2025\/04\/29\/reglement-2023-2055-microplastiques\/\" \/>\n<meta property=\"og:site_name\" content=\"Laboratoires Lel\u00e9gard\" \/>\n<meta property=\"article:published_time\" content=\"2025-04-29T13:36:09+00:00\" \/>\n<meta property=\"og:image\" content=\"https:\/\/www.laboratoireslelegard.com\/wp-content\/uploads\/2025\/04\/Drapeau-microplastiques-1024x709.png\" \/>\n\t<meta property=\"og:image:width\" content=\"1024\" \/>\n\t<meta property=\"og:image:height\" content=\"709\" \/>\n\t<meta property=\"og:image:type\" content=\"image\/png\" \/>\n<meta name=\"author\" content=\"Elo\u00efse Dumery\" \/>\n<meta name=\"twitter:card\" content=\"summary_large_image\" \/>\n<meta name=\"twitter:label1\" content=\"Written by\" \/>\n\t<meta name=\"twitter:data1\" content=\"Elo\u00efse Dumery\" \/>\n\t<meta name=\"twitter:label2\" content=\"Est. reading time\" \/>\n\t<meta name=\"twitter:data2\" content=\"9 minutes\" \/>\n<script type=\"application\/ld+json\" class=\"yoast-schema-graph\">{\"@context\":\"https:\/\/schema.org\",\"@graph\":[{\"@type\":\"Article\",\"@id\":\"https:\/\/www.laboratoireslelegard.com\/2025\/04\/29\/reglement-2023-2055-microplastiques\/#article\",\"isPartOf\":{\"@id\":\"https:\/\/www.laboratoireslelegard.com\/2025\/04\/29\/reglement-2023-2055-microplastiques\/\"},\"author\":{\"name\":\"Elo\u00efse Dumery\",\"@id\":\"https:\/\/www.laboratoireslelegard.com\/#\/schema\/person\/28dfff0b95db949da37d5b6a4e9b8f96\"},\"headline\":\"R\u00e8glement Microplastiques\",\"datePublished\":\"2025-04-29T13:36:09+00:00\",\"mainEntityOfPage\":{\"@id\":\"https:\/\/www.laboratoireslelegard.com\/2025\/04\/29\/reglement-2023-2055-microplastiques\/\"},\"wordCount\":1712,\"commentCount\":0,\"publisher\":{\"@id\":\"https:\/\/www.laboratoireslelegard.com\/#organization\"},\"image\":{\"@id\":\"https:\/\/www.laboratoireslelegard.com\/2025\/04\/29\/reglement-2023-2055-microplastiques\/#primaryimage\"},\"thumbnailUrl\":\"https:\/\/www.laboratoireslelegard.com\/wp-content\/uploads\/2025\/04\/Drapeau-microplastiques-scaled.png\",\"articleSection\":[\"R\u00e9glementation\"],\"inLanguage\":\"it-CH\",\"potentialAction\":[{\"@type\":\"CommentAction\",\"name\":\"Comment\",\"target\":[\"https:\/\/www.laboratoireslelegard.com\/2025\/04\/29\/reglement-2023-2055-microplastiques\/#respond\"]}]},{\"@type\":\"WebPage\",\"@id\":\"https:\/\/www.laboratoireslelegard.com\/2025\/04\/29\/reglement-2023-2055-microplastiques\/\",\"url\":\"https:\/\/www.laboratoireslelegard.com\/2025\/04\/29\/reglement-2023-2055-microplastiques\/\",\"name\":\"R\u00e8glement Microplastiques\",\"isPartOf\":{\"@id\":\"https:\/\/www.laboratoireslelegard.com\/#website\"},\"primaryImageOfPage\":{\"@id\":\"https:\/\/www.laboratoireslelegard.com\/2025\/04\/29\/reglement-2023-2055-microplastiques\/#primaryimage\"},\"image\":{\"@id\":\"https:\/\/www.laboratoireslelegard.com\/2025\/04\/29\/reglement-2023-2055-microplastiques\/#primaryimage\"},\"thumbnailUrl\":\"https:\/\/www.laboratoireslelegard.com\/wp-content\/uploads\/2025\/04\/Drapeau-microplastiques-scaled.png\",\"datePublished\":\"2025-04-29T13:36:09+00:00\",\"description\":\"Les microplastiques, ces particules minuscules mais persistantes, sont au c\u0153ur des pr\u00e9occupations environnementales et sanitaires. Utilis\u00e9s dans les produits cosm\u00e9tiques pour leurs propri\u00e9t\u00e9s fonctionnelles, ils sont aujourd\u2019hui cibl\u00e9s par une r\u00e9glementation europ\u00e9enne ambitieuse visant \u00e0 limiter leur dispersion dans l\u2019environnement.\",\"breadcrumb\":{\"@id\":\"https:\/\/www.laboratoireslelegard.com\/2025\/04\/29\/reglement-2023-2055-microplastiques\/#breadcrumb\"},\"inLanguage\":\"it-CH\",\"potentialAction\":[{\"@type\":\"ReadAction\",\"target\":[\"https:\/\/www.laboratoireslelegard.com\/2025\/04\/29\/reglement-2023-2055-microplastiques\/\"]}]},{\"@type\":\"ImageObject\",\"inLanguage\":\"it-CH\",\"@id\":\"https:\/\/www.laboratoireslelegard.com\/2025\/04\/29\/reglement-2023-2055-microplastiques\/#primaryimage\",\"url\":\"https:\/\/www.laboratoireslelegard.com\/wp-content\/uploads\/2025\/04\/Drapeau-microplastiques-scaled.png\",\"contentUrl\":\"https:\/\/www.laboratoireslelegard.com\/wp-content\/uploads\/2025\/04\/Drapeau-microplastiques-scaled.png\",\"width\":2560,\"height\":1773},{\"@type\":\"BreadcrumbList\",\"@id\":\"https:\/\/www.laboratoireslelegard.com\/2025\/04\/29\/reglement-2023-2055-microplastiques\/#breadcrumb\",\"itemListElement\":[{\"@type\":\"ListItem\",\"position\":1,\"name\":\"Accueil\",\"item\":\"https:\/\/www.laboratoireslelegard.com\/\"},{\"@type\":\"ListItem\",\"position\":2,\"name\":\"R\u00e8glement Microplastiques\"}]},{\"@type\":\"WebSite\",\"@id\":\"https:\/\/www.laboratoireslelegard.com\/#website\",\"url\":\"https:\/\/www.laboratoireslelegard.com\/\",\"name\":\"Laboratoires Lel\u00e9gard\",\"description\":\"SERVICE DE REGLEMENTATION ET TOXICOLOGIE\",\"publisher\":{\"@id\":\"https:\/\/www.laboratoireslelegard.com\/#organization\"},\"potentialAction\":[{\"@type\":\"SearchAction\",\"target\":{\"@type\":\"EntryPoint\",\"urlTemplate\":\"https:\/\/www.laboratoireslelegard.com\/?s={search_term_string}\"},\"query-input\":{\"@type\":\"PropertyValueSpecification\",\"valueRequired\":true,\"valueName\":\"search_term_string\"}}],\"inLanguage\":\"it-CH\"},{\"@type\":\"Organization\",\"@id\":\"https:\/\/www.laboratoireslelegard.com\/#organization\",\"name\":\"Laboratoires Lel\u00e9gard\",\"url\":\"https:\/\/www.laboratoireslelegard.com\/\",\"logo\":{\"@type\":\"ImageObject\",\"inLanguage\":\"it-CH\",\"@id\":\"https:\/\/www.laboratoireslelegard.com\/#\/schema\/logo\/image\/\",\"url\":\"https:\/\/www.laboratoireslelegard.com\/wp-content\/uploads\/2022\/10\/labolelegard.svg\",\"contentUrl\":\"https:\/\/www.laboratoireslelegard.com\/wp-content\/uploads\/2022\/10\/labolelegard.svg\",\"width\":515,\"height\":116,\"caption\":\"Laboratoires Lel\u00e9gard\"},\"image\":{\"@id\":\"https:\/\/www.laboratoireslelegard.com\/#\/schema\/logo\/image\/\"}},{\"@type\":\"Person\",\"@id\":\"https:\/\/www.laboratoireslelegard.com\/#\/schema\/person\/28dfff0b95db949da37d5b6a4e9b8f96\",\"name\":\"Elo\u00efse Dumery\",\"image\":{\"@type\":\"ImageObject\",\"inLanguage\":\"it-CH\",\"@id\":\"https:\/\/www.laboratoireslelegard.com\/#\/schema\/person\/image\/\",\"url\":\"https:\/\/secure.gravatar.com\/avatar\/7ede11b36b077b028cff9a1c897dbcc4589cf7cb02bbc7a79de1dd60cef779e3?s=96&d=mm&r=g\",\"contentUrl\":\"https:\/\/secure.gravatar.com\/avatar\/7ede11b36b077b028cff9a1c897dbcc4589cf7cb02bbc7a79de1dd60cef779e3?s=96&d=mm&r=g\",\"caption\":\"Elo\u00efse Dumery\"},\"url\":\"https:\/\/www.laboratoireslelegard.com\/it_ch\/author\/dumery\/\"}]}<\/script>\n<!-- \/ Yoast SEO plugin. -->","yoast_head_json":{"title":"R\u00e8glement Microplastiques","description":"Les microplastiques, ces particules minuscules mais persistantes, sont au c\u0153ur des pr\u00e9occupations environnementales et sanitaires. Utilis\u00e9s dans les produits cosm\u00e9tiques pour leurs propri\u00e9t\u00e9s fonctionnelles, ils sont aujourd\u2019hui cibl\u00e9s par une r\u00e9glementation europ\u00e9enne ambitieuse visant \u00e0 limiter leur dispersion dans l\u2019environnement.","robots":{"index":"index","follow":"follow","max-snippet":"max-snippet:-1","max-image-preview":"max-image-preview:large","max-video-preview":"max-video-preview:-1"},"canonical":"https:\/\/www.laboratoireslelegard.com\/it_ch\/2025\/04\/29\/reglement-2023-2055-microplastiques\/","og_locale":"it_IT","og_type":"article","og_title":"R\u00e8glement Microplastiques","og_description":"Les microplastiques, ces particules minuscules mais persistantes, sont au c\u0153ur des pr\u00e9occupations environnementales et sanitaires. Utilis\u00e9s dans les produits cosm\u00e9tiques pour leurs propri\u00e9t\u00e9s fonctionnelles, ils sont aujourd\u2019hui cibl\u00e9s par une r\u00e9glementation europ\u00e9enne ambitieuse visant \u00e0 limiter leur dispersion dans l\u2019environnement.","og_url":"https:\/\/www.laboratoireslelegard.com\/it_ch\/2025\/04\/29\/reglement-2023-2055-microplastiques\/","og_site_name":"Laboratoires Lel\u00e9gard","article_published_time":"2025-04-29T13:36:09+00:00","og_image":[{"width":1024,"height":709,"url":"https:\/\/www.laboratoireslelegard.com\/wp-content\/uploads\/2025\/04\/Drapeau-microplastiques-1024x709.png","type":"image\/png"}],"author":"Elo\u00efse Dumery","twitter_card":"summary_large_image","twitter_misc":{"Written by":"Elo\u00efse Dumery","Est. reading time":"9 minutes"},"schema":{"@context":"https:\/\/schema.org","@graph":[{"@type":"Article","@id":"https:\/\/www.laboratoireslelegard.com\/2025\/04\/29\/reglement-2023-2055-microplastiques\/#article","isPartOf":{"@id":"https:\/\/www.laboratoireslelegard.com\/2025\/04\/29\/reglement-2023-2055-microplastiques\/"},"author":{"name":"Elo\u00efse Dumery","@id":"https:\/\/www.laboratoireslelegard.com\/#\/schema\/person\/28dfff0b95db949da37d5b6a4e9b8f96"},"headline":"R\u00e8glement Microplastiques","datePublished":"2025-04-29T13:36:09+00:00","mainEntityOfPage":{"@id":"https:\/\/www.laboratoireslelegard.com\/2025\/04\/29\/reglement-2023-2055-microplastiques\/"},"wordCount":1712,"commentCount":0,"publisher":{"@id":"https:\/\/www.laboratoireslelegard.com\/#organization"},"image":{"@id":"https:\/\/www.laboratoireslelegard.com\/2025\/04\/29\/reglement-2023-2055-microplastiques\/#primaryimage"},"thumbnailUrl":"https:\/\/www.laboratoireslelegard.com\/wp-content\/uploads\/2025\/04\/Drapeau-microplastiques-scaled.png","articleSection":["R\u00e9glementation"],"inLanguage":"it-CH","potentialAction":[{"@type":"CommentAction","name":"Comment","target":["https:\/\/www.laboratoireslelegard.com\/2025\/04\/29\/reglement-2023-2055-microplastiques\/#respond"]}]},{"@type":"WebPage","@id":"https:\/\/www.laboratoireslelegard.com\/2025\/04\/29\/reglement-2023-2055-microplastiques\/","url":"https:\/\/www.laboratoireslelegard.com\/2025\/04\/29\/reglement-2023-2055-microplastiques\/","name":"R\u00e8glement Microplastiques","isPartOf":{"@id":"https:\/\/www.laboratoireslelegard.com\/#website"},"primaryImageOfPage":{"@id":"https:\/\/www.laboratoireslelegard.com\/2025\/04\/29\/reglement-2023-2055-microplastiques\/#primaryimage"},"image":{"@id":"https:\/\/www.laboratoireslelegard.com\/2025\/04\/29\/reglement-2023-2055-microplastiques\/#primaryimage"},"thumbnailUrl":"https:\/\/www.laboratoireslelegard.com\/wp-content\/uploads\/2025\/04\/Drapeau-microplastiques-scaled.png","datePublished":"2025-04-29T13:36:09+00:00","description":"Les microplastiques, ces particules minuscules mais persistantes, sont au c\u0153ur des pr\u00e9occupations environnementales et sanitaires. Utilis\u00e9s dans les produits cosm\u00e9tiques pour leurs propri\u00e9t\u00e9s fonctionnelles, ils sont aujourd\u2019hui cibl\u00e9s par une r\u00e9glementation europ\u00e9enne ambitieuse visant \u00e0 limiter leur dispersion dans l\u2019environnement.","breadcrumb":{"@id":"https:\/\/www.laboratoireslelegard.com\/2025\/04\/29\/reglement-2023-2055-microplastiques\/#breadcrumb"},"inLanguage":"it-CH","potentialAction":[{"@type":"ReadAction","target":["https:\/\/www.laboratoireslelegard.com\/2025\/04\/29\/reglement-2023-2055-microplastiques\/"]}]},{"@type":"ImageObject","inLanguage":"it-CH","@id":"https:\/\/www.laboratoireslelegard.com\/2025\/04\/29\/reglement-2023-2055-microplastiques\/#primaryimage","url":"https:\/\/www.laboratoireslelegard.com\/wp-content\/uploads\/2025\/04\/Drapeau-microplastiques-scaled.png","contentUrl":"https:\/\/www.laboratoireslelegard.com\/wp-content\/uploads\/2025\/04\/Drapeau-microplastiques-scaled.png","width":2560,"height":1773},{"@type":"BreadcrumbList","@id":"https:\/\/www.laboratoireslelegard.com\/2025\/04\/29\/reglement-2023-2055-microplastiques\/#breadcrumb","itemListElement":[{"@type":"ListItem","position":1,"name":"Accueil","item":"https:\/\/www.laboratoireslelegard.com\/"},{"@type":"ListItem","position":2,"name":"R\u00e8glement Microplastiques"}]},{"@type":"WebSite","@id":"https:\/\/www.laboratoireslelegard.com\/#website","url":"https:\/\/www.laboratoireslelegard.com\/","name":"Laboratoires Lel\u00e9gard","description":"SERVICE DE REGLEMENTATION ET TOXICOLOGIE","publisher":{"@id":"https:\/\/www.laboratoireslelegard.com\/#organization"},"potentialAction":[{"@type":"SearchAction","target":{"@type":"EntryPoint","urlTemplate":"https:\/\/www.laboratoireslelegard.com\/?s={search_term_string}"},"query-input":{"@type":"PropertyValueSpecification","valueRequired":true,"valueName":"search_term_string"}}],"inLanguage":"it-CH"},{"@type":"Organization","@id":"https:\/\/www.laboratoireslelegard.com\/#organization","name":"Laboratoires Lel\u00e9gard","url":"https:\/\/www.laboratoireslelegard.com\/","logo":{"@type":"ImageObject","inLanguage":"it-CH","@id":"https:\/\/www.laboratoireslelegard.com\/#\/schema\/logo\/image\/","url":"https:\/\/www.laboratoireslelegard.com\/wp-content\/uploads\/2022\/10\/labolelegard.svg","contentUrl":"https:\/\/www.laboratoireslelegard.com\/wp-content\/uploads\/2022\/10\/labolelegard.svg","width":515,"height":116,"caption":"Laboratoires Lel\u00e9gard"},"image":{"@id":"https:\/\/www.laboratoireslelegard.com\/#\/schema\/logo\/image\/"}},{"@type":"Person","@id":"https:\/\/www.laboratoireslelegard.com\/#\/schema\/person\/28dfff0b95db949da37d5b6a4e9b8f96","name":"Elo\u00efse Dumery","image":{"@type":"ImageObject","inLanguage":"it-CH","@id":"https:\/\/www.laboratoireslelegard.com\/#\/schema\/person\/image\/","url":"https:\/\/secure.gravatar.com\/avatar\/7ede11b36b077b028cff9a1c897dbcc4589cf7cb02bbc7a79de1dd60cef779e3?s=96&d=mm&r=g","contentUrl":"https:\/\/secure.gravatar.com\/avatar\/7ede11b36b077b028cff9a1c897dbcc4589cf7cb02bbc7a79de1dd60cef779e3?s=96&d=mm&r=g","caption":"Elo\u00efse Dumery"},"url":"https:\/\/www.laboratoireslelegard.com\/it_ch\/author\/dumery\/"}]}},"_links":{"self":[{"href":"https:\/\/www.laboratoireslelegard.com\/it_ch\/wp-json\/wp\/v2\/posts\/1698","targetHints":{"allow":["GET"]}}],"collection":[{"href":"https:\/\/www.laboratoireslelegard.com\/it_ch\/wp-json\/wp\/v2\/posts"}],"about":[{"href":"https:\/\/www.laboratoireslelegard.com\/it_ch\/wp-json\/wp\/v2\/types\/post"}],"author":[{"embeddable":true,"href":"https:\/\/www.laboratoireslelegard.com\/it_ch\/wp-json\/wp\/v2\/users\/7"}],"replies":[{"embeddable":true,"href":"https:\/\/www.laboratoireslelegard.com\/it_ch\/wp-json\/wp\/v2\/comments?post=1698"}],"version-history":[{"count":8,"href":"https:\/\/www.laboratoireslelegard.com\/it_ch\/wp-json\/wp\/v2\/posts\/1698\/revisions"}],"predecessor-version":[{"id":1711,"href":"https:\/\/www.laboratoireslelegard.com\/it_ch\/wp-json\/wp\/v2\/posts\/1698\/revisions\/1711"}],"wp:featuredmedia":[{"embeddable":true,"href":"https:\/\/www.laboratoireslelegard.com\/it_ch\/wp-json\/wp\/v2\/media\/1699"}],"wp:attachment":[{"href":"https:\/\/www.laboratoireslelegard.com\/it_ch\/wp-json\/wp\/v2\/media?parent=1698"}],"wp:term":[{"taxonomy":"category","embeddable":true,"href":"https:\/\/www.laboratoireslelegard.com\/it_ch\/wp-json\/wp\/v2\/categories?post=1698"},{"taxonomy":"post_tag","embeddable":true,"href":"https:\/\/www.laboratoireslelegard.com\/it_ch\/wp-json\/wp\/v2\/tags?post=1698"}],"curies":[{"name":"wp","href":"https:\/\/api.w.org\/{rel}","templated":true}]}}