{"id":1630,"date":"2025-03-17T16:59:36","date_gmt":"2025-03-17T15:59:36","guid":{"rendered":"https:\/\/www.laboratoireslelegard.com\/?p=1630"},"modified":"2025-03-24T15:46:47","modified_gmt":"2025-03-24T14:46:47","slug":"reglement-2023-1115-reglementation-deforestation","status":"publish","type":"post","link":"https:\/\/www.laboratoireslelegard.com\/it_ch\/2025\/03\/17\/reglement-2023-1115-reglementation-deforestation\/","title":{"rendered":"R\u00e8glement (UE) 2023\/1115 R\u00e8glementation D\u00e9forestation"},"content":{"rendered":"<div data-elementor-type=\"wp-post\" data-elementor-id=\"1630\" class=\"elementor elementor-1630\" data-elementor-post-type=\"post\">\n\t\t\t\t\t\t<section class=\"elementor-section elementor-top-section elementor-element elementor-element-1de35420 elementor-section-boxed elementor-section-height-default elementor-section-height-default\" data-id=\"1de35420\" data-element_type=\"section\">\n\t\t\t\t\t\t<div class=\"elementor-container elementor-column-gap-default\">\n\t\t\t\t\t<div class=\"elementor-column elementor-col-100 elementor-top-column elementor-element elementor-element-6fe85673\" data-id=\"6fe85673\" data-element_type=\"column\">\n\t\t\t<div class=\"elementor-widget-wrap elementor-element-populated\">\n\t\t\t\t\t\t<div class=\"elementor-element elementor-element-2d6cb065 elementor-widget elementor-widget-text-editor\" data-id=\"2d6cb065\" data-element_type=\"widget\" data-widget_type=\"text-editor.default\">\n\t\t\t\t<div class=\"elementor-widget-container\">\n\t\t\t\t\t\t\t\t\t<h3 class=\"docx_bodytext\"><span class=\"docx_strong\">Impact de l&rsquo;impl\u00e9mentation du R\u00e8glement D\u00e9forestation sur l&rsquo;Industrie Cosm\u00e9tique : Un D\u00e9fi, mais aussi une Opportunit\u00e9<\/span><\/h3><p class=\"docx_bodytext\">L&rsquo;Union Europ\u00e9enne a franchi une \u00e9tape majeure dans la lutte contre la d\u00e9forestation import\u00e9e en adoptant le <span class=\"docx_emphasis\">R\u00e8glement Europ\u00e9en sur les Produits Exempts de D\u00e9forestation (EUDR)<\/span>. Cette initiative vise \u00e0 transformer la mani\u00e8re dont les entreprises interagissent avec les cha\u00eenes d&rsquo;approvisionnement, en imposant des normes strictes concernant la tra\u00e7abilit\u00e9 et l&rsquo;impact environnemental des mati\u00e8res premi\u00e8res. D\u00e8s le 30 d\u00e9cembre 2025, les entreprises devront se conformer \u00e0 des obligations progressives, avec un d\u00e9lai suppl\u00e9mentaire jusqu&rsquo;au 30 juin 2026 pour les petites et moyennes entreprises (PME). Cette r\u00e9glementation sera r\u00e9examin\u00e9e r\u00e9guli\u00e8rement, tous les 5 ans \u00e0 partir de 2028, garantissant ainsi son adaptation continue.<\/p><h4 class=\"docx_heading3\"><strong>Le Secteur Cosm\u00e9tique : Un Enjeu Strat\u00e9gique Majeur<\/strong><\/h4><p class=\"docx_bodytext\">L&rsquo;industrie cosm\u00e9tique est particuli\u00e8rement concern\u00e9e par ce r\u00e8glement, car de nombreux ingr\u00e9dients courants comme l\u2019huile de palme, le cacao et le soja sont au c\u0153ur de la probl\u00e9matique de la d\u00e9forestation. Ces mati\u00e8res premi\u00e8res, souvent li\u00e9es \u00e0 la d\u00e9forestation, devront r\u00e9pondre \u00e0 des exigences rigoureuses pour pouvoir \u00eatre mises sur le march\u00e9 europ\u00e9en ou export\u00e9es.<\/p><p class=\"docx_bodytext\"><span class=\"docx_strong\">Voici les principaux d\u00e9fis auxquels les marques de cosm\u00e9tiques devront faire face :<\/span><\/p><ul><li class=\"docx_bodytext docx-num-1-0\"><strong><span class=\"docx_strong\">Tra\u00e7abilit\u00e9 Renforc\u00e9e :<\/span> <\/strong>Les donn\u00e9es g\u00e9ographiques doivent \u00eatre pr\u00e9cises, v\u00e9rifiables et constamment mises \u00e0 jour.<\/li><li class=\"docx_bodytext docx-num-1-0\"><strong><span class=\"docx_strong\">Crit\u00e8re \u201cZ\u00e9ro D\u00e9forestation\u201d :<\/span><\/strong> Aucun produit ne doit provenir de terres d\u00e9bois\u00e9es apr\u00e8s le 31 d\u00e9cembre 2020. Pour les produits d\u2019origine bois, la r\u00e9colte ne doit pas provoquer de d\u00e9gradation des for\u00eats apr\u00e8s cette date.<\/li><li class=\"docx_bodytext docx-num-1-0\"><strong><span class=\"docx_strong\">Conformit\u00e9 \u00e0 la L\u00e9gislation Locale et Internationale :<\/span><\/strong> Respect des lois du pays de production, ainsi que des normes mondiales.<\/li><\/ul><h4 class=\"docx_heading3\"><strong>Une \u00c9valuation Comparative des Pays : Qui est \u00e0 Risque ?<\/strong><\/h4><p class=\"docx_bodytext\">\u00c0 partir du 30 juin 2025, la Commission Europ\u00e9enne \u00e9tablira un classement des pays en fonction du risque li\u00e9 \u00e0 la d\u00e9forestation. Trois cat\u00e9gories seront d\u00e9finies : <span class=\"docx_strong\">\u00e9lev\u00e9, standard, ou faible<\/span>. Ce classement reposera sur trois crit\u00e8res principaux :<\/p><ul><li class=\"docx_bodytext docx-num-2-0\"><span class=\"docx_strong\">Taux de d\u00e9forestation et d\u00e9gradation des for\u00eats.<\/span><\/li><li class=\"docx_bodytext docx-num-2-0\"><span class=\"docx_strong\">Expansion des terres agricoles pour les produits concern\u00e9s.<\/span><\/li><li class=\"docx_bodytext docx-num-2-0\"><span class=\"docx_strong\">Tendances de la production des mati\u00e8res premi\u00e8res.<\/span><\/li><\/ul><h4 class=\"docx_heading3\"><strong>Produits de Base et Produits Associ\u00e9s : Quelles Exigences ?<\/strong><\/h4><div><img fetchpriority=\"high\" decoding=\"async\" class=\"aligncenter wp-image-1636 size-full\" src=\"https:\/\/www.laboratoireslelegard.com\/wp-content\/uploads\/2025\/03\/Capture-decran_18-3-2025_104026_drive.proton.me_.jpeg\" alt=\"\" width=\"766\" height=\"167\" srcset=\"https:\/\/www.laboratoireslelegard.com\/wp-content\/uploads\/2025\/03\/Capture-decran_18-3-2025_104026_drive.proton.me_.jpeg 766w, https:\/\/www.laboratoireslelegard.com\/wp-content\/uploads\/2025\/03\/Capture-decran_18-3-2025_104026_drive.proton.me_-300x65.jpeg 300w, https:\/\/www.laboratoireslelegard.com\/wp-content\/uploads\/2025\/03\/Capture-decran_18-3-2025_104026_drive.proton.me_-441x96.jpeg 441w, https:\/\/www.laboratoireslelegard.com\/wp-content\/uploads\/2025\/03\/Capture-decran_18-3-2025_104026_drive.proton.me_-600x131.jpeg 600w, https:\/\/www.laboratoireslelegard.com\/wp-content\/uploads\/2025\/03\/Capture-decran_18-3-2025_104026_drive.proton.me_-150x33.jpeg 150w\" sizes=\"(max-width: 766px) 100vw, 766px\" \/><img decoding=\"async\" class=\"aligncenter wp-image-1637 size-full\" src=\"https:\/\/www.laboratoireslelegard.com\/wp-content\/uploads\/2025\/03\/Capture-decran_18-3-2025_104939_drive.proton.me_.jpeg\" alt=\"\" width=\"766\" height=\"208\" srcset=\"https:\/\/www.laboratoireslelegard.com\/wp-content\/uploads\/2025\/03\/Capture-decran_18-3-2025_104939_drive.proton.me_.jpeg 766w, https:\/\/www.laboratoireslelegard.com\/wp-content\/uploads\/2025\/03\/Capture-decran_18-3-2025_104939_drive.proton.me_-300x81.jpeg 300w, https:\/\/www.laboratoireslelegard.com\/wp-content\/uploads\/2025\/03\/Capture-decran_18-3-2025_104939_drive.proton.me_-441x120.jpeg 441w, https:\/\/www.laboratoireslelegard.com\/wp-content\/uploads\/2025\/03\/Capture-decran_18-3-2025_104939_drive.proton.me_-600x163.jpeg 600w, https:\/\/www.laboratoireslelegard.com\/wp-content\/uploads\/2025\/03\/Capture-decran_18-3-2025_104939_drive.proton.me_-150x41.jpeg 150w\" sizes=\"(max-width: 766px) 100vw, 766px\" \/><\/div><p class=\"docx_bodytext\">Les produits concern\u00e9s par l&rsquo;EUDR incluent des mati\u00e8res premi\u00e8res essentielles comme le cacao, le caf\u00e9, l\u2019huile de palme, le caoutchouc, le soja, et le bois. Tout produit d\u00e9riv\u00e9 de ces mati\u00e8res premi\u00e8res devra r\u00e9pondre aux exigences suivantes :<\/p><ul><li class=\"docx_bodytext docx-num-3-0\"><span class=\"docx_strong\">Z\u00e9ro d\u00e9forestation.<\/span><\/li><li class=\"docx_bodytext docx-num-3-0\"><span class=\"docx_strong\">Conformit\u00e9 \u00e0 la l\u00e9gislation du pays de production.<\/span><\/li><li class=\"docx_bodytext docx-num-3-0\"><span class=\"docx_strong\">D\u00e9claration de diligence raisonn\u00e9e<\/span> attestant de la conformit\u00e9 des produits.<\/li><\/ul><h4 class=\"docx_heading3\"><strong>Qui Est Concern\u00e9 par le R\u00e8glement EUDR ?<\/strong><\/h4><p class=\"docx_heading3\">Les<strong>\u00a0<span class=\"docx_strong\">op\u00e9rateurs<\/span>\u00a0<\/strong>(entreprises qui commercialisent ou exportent\u00a0des produits li\u00e9s \u00e0 la d\u00e9forestation) devront mettre en place un syst\u00e8me de diligence raisonn\u00e9e, garantissant la tra\u00e7abilit\u00e9 et la l\u00e9galit\u00e9 des produits. Ces entreprises devront \u00e9galement publier un rapport annuel sur leur conformit\u00e9.<\/p><p class=\"docx_bodytext\"><span class=\"docx_strong\">Les <\/span><strong><span class=\"docx_strong\">petites et moyennes entreprises (PME)<\/span><\/strong> b\u00e9n\u00e9ficient d&rsquo;une certaine flexibilit\u00e9. Elles n\u2019ont pas \u00e0 appliquer la diligence raisonn\u00e9e, \u00e0 condition que les produits aient d\u00e9j\u00e0 \u00e9t\u00e9 soumis \u00e0 ce processus par d\u2019autres acteurs en amont.<\/p><p class=\"docx_bodytext\"><span class=\"docx_strong\">Les <strong>commer\u00e7ants<\/strong><\/span> devront \u00e9galement collecter et conserver des informations d\u00e9taill\u00e9es sur leurs fournisseurs pendant 5 ans, tout en respectant les obligations de diligence raisonn\u00e9e, notamment pour ceux qui ne sont pas des PME.<\/p><h4 class=\"docx_heading3\"><strong>Les \u00c9tapes Cl\u00e9s de la Diligence Raisonn\u00e9e<\/strong><\/h4><p><img decoding=\"async\" class=\"aligncenter wp-image-1638 size-full\" src=\"https:\/\/www.laboratoireslelegard.com\/wp-content\/uploads\/2025\/03\/Capture-decran_18-3-2025_10518_drive.proton.me_.jpeg\" alt=\"\" width=\"798\" height=\"422\" srcset=\"https:\/\/www.laboratoireslelegard.com\/wp-content\/uploads\/2025\/03\/Capture-decran_18-3-2025_10518_drive.proton.me_.jpeg 798w, https:\/\/www.laboratoireslelegard.com\/wp-content\/uploads\/2025\/03\/Capture-decran_18-3-2025_10518_drive.proton.me_-300x159.jpeg 300w, https:\/\/www.laboratoireslelegard.com\/wp-content\/uploads\/2025\/03\/Capture-decran_18-3-2025_10518_drive.proton.me_-768x406.jpeg 768w, https:\/\/www.laboratoireslelegard.com\/wp-content\/uploads\/2025\/03\/Capture-decran_18-3-2025_10518_drive.proton.me_-441x233.jpeg 441w, https:\/\/www.laboratoireslelegard.com\/wp-content\/uploads\/2025\/03\/Capture-decran_18-3-2025_10518_drive.proton.me_-600x317.jpeg 600w, https:\/\/www.laboratoireslelegard.com\/wp-content\/uploads\/2025\/03\/Capture-decran_18-3-2025_10518_drive.proton.me_-150x79.jpeg 150w\" sizes=\"(max-width: 798px) 100vw, 798px\" \/><\/p><p class=\"docx_normal\"><em>Sch\u00e9ma issu du site officiel des Minist\u00e8res Am\u00e9nagement Du Territoire Transition Ecologique<\/em><\/p><p class=\"docx_normal\"><a href=\"https:\/\/www.deforestationimportee.ecologie.gouv.fr\/reglement-europeen-contre-la-deforestation-et-la-degradation-des-forets\/article\/reglement-europeen-contre-la-deforestation-et-la-degradation-des-forets\"><span class=\"docx_hyperlink\">R\u00e8glement europ\u00e9en contre la d\u00e9forestation et la d\u00e9gradation des for\u00eats &#8211; Strat\u00e9gie nationale de lutte contre la d\u00e9forestation import\u00e9e<\/span><\/a><\/p><p class=\"docx_bodytext\">La mise en place d\u2019un syst\u00e8me de diligence raisonn\u00e9e est cruciale pour garantir que les produits commercialis\u00e9s sont l\u00e9gaux et ne contribuent pas \u00e0 la d\u00e9forestation. Ce processus comprend des mesures sp\u00e9cifiques visant \u00e0 assurer la conformit\u00e9 \u00e0 la l\u00e9gislation et \u00e0 minimiser les risques environnementaux.<\/p><p><img loading=\"lazy\" decoding=\"async\" class=\"aligncenter wp-image-1639 size-full\" src=\"https:\/\/www.laboratoireslelegard.com\/wp-content\/uploads\/2025\/03\/Capture-decran_18-3-2025_105226_drive.proton.me_.jpeg\" alt=\"\" width=\"798\" height=\"711\" srcset=\"https:\/\/www.laboratoireslelegard.com\/wp-content\/uploads\/2025\/03\/Capture-decran_18-3-2025_105226_drive.proton.me_.jpeg 798w, https:\/\/www.laboratoireslelegard.com\/wp-content\/uploads\/2025\/03\/Capture-decran_18-3-2025_105226_drive.proton.me_-300x267.jpeg 300w, https:\/\/www.laboratoireslelegard.com\/wp-content\/uploads\/2025\/03\/Capture-decran_18-3-2025_105226_drive.proton.me_-768x684.jpeg 768w, https:\/\/www.laboratoireslelegard.com\/wp-content\/uploads\/2025\/03\/Capture-decran_18-3-2025_105226_drive.proton.me_-441x393.jpeg 441w, https:\/\/www.laboratoireslelegard.com\/wp-content\/uploads\/2025\/03\/Capture-decran_18-3-2025_105226_drive.proton.me_-600x535.jpeg 600w, https:\/\/www.laboratoireslelegard.com\/wp-content\/uploads\/2025\/03\/Capture-decran_18-3-2025_105226_drive.proton.me_-150x134.jpeg 150w\" sizes=\"(max-width: 798px) 100vw, 798px\" \/><em>Annexe II issu du R\u00c8GLEMENT (UE) 2023\/1115 DU PARLEMENT EUROP\u00c9EN ET DU CONSEIL du 31 mai 2023 relatif \u00e0 la mise \u00e0 disposition sur le march\u00e9 de l\u2019Union et \u00e0 l\u2019exportation \u00e0 partir de l\u2019Union de certains produits de base et produits associ\u00e9s \u00e0 la d\u00e9forestation et \u00e0 la d\u00e9gradation des for\u00eats, et abrogeant le r\u00e8glement (UE) n o 995\/2010 (Texte pr\u00e9sentant de l&rsquo;int\u00e9r\u00eat pour l&rsquo;EEE)<\/em><\/p><h4 class=\"docx_heading3\"><strong>Des Sanctions S\u00e9v\u00e8res en Cas de Non-Conformit\u00e9<\/strong><\/h4><p class=\"docx_bodytext\">Le non-respect de ces nouvelles obligations expose les entreprises \u00e0 des sanctions lourdes, telles que :<\/p><ul><li class=\"docx_bodytext docx-num-4-0\"><span class=\"docx_strong\">Amendes substantielles<\/span>, proportionnelles \u00e0 la gravit\u00e9 des infractions.<\/li><li class=\"docx_bodytext docx-num-4-0\"><span class=\"docx_strong\">Confiscation des produits et profits<\/span>.<\/li><li class=\"docx_bodytext docx-num-4-0\"><span class=\"docx_strong\">Exclusion temporaire des march\u00e9s publics<\/span>.<\/li><li class=\"docx_bodytext docx-num-4-0\"><span class=\"docx_strong\">Atteinte \u00e0 la r\u00e9putation<\/span>, avec un risque de perte de confiance des consommateurs.<\/li><\/ul><p class=\"docx_bodytext\"><strong><span class=\"docx_strong\">Agissez d\u00e8s maintenant pour garantir votre conformit\u00e9 et minimiser les risques !<\/span><\/strong><\/p><p class=\"docx_bodytext\">L\u2019impl\u00e9mentation de l&rsquo;EUDR repr\u00e9sente une r\u00e9elle opportunit\u00e9 pour les entreprises responsables de se positionner comme des leaders dans la transition vers des pratiques durables. C\u2019est \u00e9galement un d\u00e9fi pour ceux qui tardent \u00e0 s\u2019adapter, risquant \u00e0 la fois des sanctions l\u00e9gales et une perte de cr\u00e9dibilit\u00e9 sur le march\u00e9.<\/p><p class=\"docx_bodytext\"><strong><span class=\"docx_strong\">Vous \u00eates une entreprise cosm\u00e9tique et vous souhaitez en savoir plus sur la mise en conformit\u00e9 avec le r\u00e8glement EUDR ?<\/span><\/strong><\/p><p class=\"docx_bodytext\">Nos experts sont \u00e0 votre disposition pour vous aider \u00e0 \u00e9valuer votre cha\u00eene d&rsquo;approvisionnement, \u00e0 impl\u00e9menter les solutions n\u00e9cessaires et \u00e0 garantir votre conformit\u00e9 d\u2019ici les \u00e9ch\u00e9ances cl\u00e9s de 2025 et 2026. Contactez-nous d\u00e8s aujourd\u2019hui pour discuter des actions concr\u00e8tes \u00e0 mettre en place !<\/p>\t\t\t\t\t\t\t\t<\/div>\n\t\t\t\t<\/div>\n\t\t\t\t\t<\/div>\n\t\t<\/div>\n\t\t\t\t\t<\/div>\n\t\t<\/section>\n\t\t\t\t<\/div>","protected":false},"excerpt":{"rendered":"<p>Impact de l&rsquo;impl\u00e9mentation du R\u00e8glement D\u00e9forestation sur l&rsquo;Industrie Cosm\u00e9tique : Un D\u00e9fi, mais aussi une Opportunit\u00e9 L&rsquo;Union Europ\u00e9enne a franchi une \u00e9tape majeure dans la lutte contre la d\u00e9forestation import\u00e9e en adoptant le R\u00e8glement Europ\u00e9en sur les Produits Exempts de D\u00e9forestation (EUDR). Cette initiative vise \u00e0 transformer la mani\u00e8re dont les entreprises interagissent avec les [&hellip;]<\/p>","protected":false},"author":2,"featured_media":1582,"comment_status":"open","ping_status":"open","sticky":false,"template":"","format":"standard","meta":{"_acf_changed":false,"footnotes":""},"categories":[124],"tags":[],"class_list":["post-1630","post","type-post","status-publish","format-standard","has-post-thumbnail","hentry","category-reglementation"],"acf":[],"yoast_head":"<!-- This site is optimized with the Yoast SEO plugin v24.6 - https:\/\/yoast.com\/wordpress\/plugins\/seo\/ -->\n<title>R\u00e8glement 2023\/1115 R\u00e8glementation D\u00e9forestation<\/title>\n<meta name=\"description\" content=\"Impact de l&#039;impl\u00e9mentation du R\u00e8glement D\u00e9forestation sur l&#039;Industrie Cosm\u00e9tique : Un D\u00e9fi, mais aussi une Opportunit\u00e9.\" \/>\n<meta name=\"robots\" content=\"index, follow, max-snippet:-1, max-image-preview:large, max-video-preview:-1\" \/>\n<link rel=\"canonical\" href=\"https:\/\/www.laboratoireslelegard.com\/it_ch\/2025\/03\/17\/reglement-2023-1115-reglementation-deforestation\/\" \/>\n<meta property=\"og:locale\" content=\"it_IT\" \/>\n<meta property=\"og:type\" content=\"article\" \/>\n<meta property=\"og:title\" content=\"R\u00e8glement 2023\/1115 R\u00e8glementation D\u00e9forestation\" \/>\n<meta property=\"og:description\" content=\"Impact de l&#039;impl\u00e9mentation du R\u00e8glement D\u00e9forestation sur l&#039;Industrie Cosm\u00e9tique : Un D\u00e9fi, mais aussi une Opportunit\u00e9.\" \/>\n<meta property=\"og:url\" content=\"https:\/\/www.laboratoireslelegard.com\/it_ch\/2025\/03\/17\/reglement-2023-1115-reglementation-deforestation\/\" \/>\n<meta property=\"og:site_name\" content=\"Laboratoires Lel\u00e9gard\" \/>\n<meta property=\"article:published_time\" content=\"2025-03-17T15:59:36+00:00\" \/>\n<meta property=\"article:modified_time\" content=\"2025-03-24T14:46:47+00:00\" \/>\n<meta property=\"og:image\" content=\"https:\/\/www.laboratoireslelegard.com\/wp-content\/uploads\/2025\/03\/Canva-reglement-1024x709.png\" \/>\n\t<meta property=\"og:image:width\" content=\"1024\" \/>\n\t<meta property=\"og:image:height\" content=\"709\" \/>\n\t<meta property=\"og:image:type\" content=\"image\/png\" \/>\n<meta name=\"author\" content=\"Lo\u00efc CHOSSIERE\" \/>\n<meta name=\"twitter:card\" content=\"summary_large_image\" \/>\n<meta name=\"twitter:label1\" content=\"Written by\" \/>\n\t<meta name=\"twitter:data1\" content=\"Lo\u00efc CHOSSIERE\" \/>\n\t<meta name=\"twitter:label2\" content=\"Est. reading time\" \/>\n\t<meta name=\"twitter:data2\" content=\"6 minutes\" \/>\n<script type=\"application\/ld+json\" class=\"yoast-schema-graph\">{\"@context\":\"https:\/\/schema.org\",\"@graph\":[{\"@type\":\"Article\",\"@id\":\"https:\/\/www.laboratoireslelegard.com\/2025\/03\/17\/reglement-2023-1115-reglementation-deforestation\/#article\",\"isPartOf\":{\"@id\":\"https:\/\/www.laboratoireslelegard.com\/2025\/03\/17\/reglement-2023-1115-reglementation-deforestation\/\"},\"author\":{\"name\":\"Lo\u00efc CHOSSIERE\",\"@id\":\"https:\/\/www.laboratoireslelegard.com\/#\/schema\/person\/2fd5b214031849439255ae250ec66b73\"},\"headline\":\"R\u00e8glement (UE) 2023\/1115 R\u00e8glementation D\u00e9forestation\",\"datePublished\":\"2025-03-17T15:59:36+00:00\",\"dateModified\":\"2025-03-24T14:46:47+00:00\",\"mainEntityOfPage\":{\"@id\":\"https:\/\/www.laboratoireslelegard.com\/2025\/03\/17\/reglement-2023-1115-reglementation-deforestation\/\"},\"wordCount\":968,\"commentCount\":0,\"publisher\":{\"@id\":\"https:\/\/www.laboratoireslelegard.com\/#organization\"},\"image\":{\"@id\":\"https:\/\/www.laboratoireslelegard.com\/2025\/03\/17\/reglement-2023-1115-reglementation-deforestation\/#primaryimage\"},\"thumbnailUrl\":\"https:\/\/www.laboratoireslelegard.com\/wp-content\/uploads\/2025\/03\/Canva-reglement.png\",\"articleSection\":[\"R\u00e9glementation\"],\"inLanguage\":\"it-CH\",\"potentialAction\":[{\"@type\":\"CommentAction\",\"name\":\"Comment\",\"target\":[\"https:\/\/www.laboratoireslelegard.com\/2025\/03\/17\/reglement-2023-1115-reglementation-deforestation\/#respond\"]}]},{\"@type\":\"WebPage\",\"@id\":\"https:\/\/www.laboratoireslelegard.com\/2025\/03\/17\/reglement-2023-1115-reglementation-deforestation\/\",\"url\":\"https:\/\/www.laboratoireslelegard.com\/2025\/03\/17\/reglement-2023-1115-reglementation-deforestation\/\",\"name\":\"R\u00e8glement 2023\/1115 R\u00e8glementation D\u00e9forestation\",\"isPartOf\":{\"@id\":\"https:\/\/www.laboratoireslelegard.com\/#website\"},\"primaryImageOfPage\":{\"@id\":\"https:\/\/www.laboratoireslelegard.com\/2025\/03\/17\/reglement-2023-1115-reglementation-deforestation\/#primaryimage\"},\"image\":{\"@id\":\"https:\/\/www.laboratoireslelegard.com\/2025\/03\/17\/reglement-2023-1115-reglementation-deforestation\/#primaryimage\"},\"thumbnailUrl\":\"https:\/\/www.laboratoireslelegard.com\/wp-content\/uploads\/2025\/03\/Canva-reglement.png\",\"datePublished\":\"2025-03-17T15:59:36+00:00\",\"dateModified\":\"2025-03-24T14:46:47+00:00\",\"description\":\"Impact de l'impl\u00e9mentation du R\u00e8glement D\u00e9forestation sur l'Industrie Cosm\u00e9tique : Un D\u00e9fi, mais aussi une Opportunit\u00e9.\",\"breadcrumb\":{\"@id\":\"https:\/\/www.laboratoireslelegard.com\/2025\/03\/17\/reglement-2023-1115-reglementation-deforestation\/#breadcrumb\"},\"inLanguage\":\"it-CH\",\"potentialAction\":[{\"@type\":\"ReadAction\",\"target\":[\"https:\/\/www.laboratoireslelegard.com\/2025\/03\/17\/reglement-2023-1115-reglementation-deforestation\/\"]}]},{\"@type\":\"ImageObject\",\"inLanguage\":\"it-CH\",\"@id\":\"https:\/\/www.laboratoireslelegard.com\/2025\/03\/17\/reglement-2023-1115-reglementation-deforestation\/#primaryimage\",\"url\":\"https:\/\/www.laboratoireslelegard.com\/wp-content\/uploads\/2025\/03\/Canva-reglement.png\",\"contentUrl\":\"https:\/\/www.laboratoireslelegard.com\/wp-content\/uploads\/2025\/03\/Canva-reglement.png\",\"width\":4913,\"height\":3401},{\"@type\":\"BreadcrumbList\",\"@id\":\"https:\/\/www.laboratoireslelegard.com\/2025\/03\/17\/reglement-2023-1115-reglementation-deforestation\/#breadcrumb\",\"itemListElement\":[{\"@type\":\"ListItem\",\"position\":1,\"name\":\"Accueil\",\"item\":\"https:\/\/www.laboratoireslelegard.com\/\"},{\"@type\":\"ListItem\",\"position\":2,\"name\":\"R\u00e8glement (UE) 2023\/1115 R\u00e8glementation D\u00e9forestation\"}]},{\"@type\":\"WebSite\",\"@id\":\"https:\/\/www.laboratoireslelegard.com\/#website\",\"url\":\"https:\/\/www.laboratoireslelegard.com\/\",\"name\":\"Laboratoires Lel\u00e9gard\",\"description\":\"SERVICE DE REGLEMENTATION ET TOXICOLOGIE\",\"publisher\":{\"@id\":\"https:\/\/www.laboratoireslelegard.com\/#organization\"},\"potentialAction\":[{\"@type\":\"SearchAction\",\"target\":{\"@type\":\"EntryPoint\",\"urlTemplate\":\"https:\/\/www.laboratoireslelegard.com\/?s={search_term_string}\"},\"query-input\":{\"@type\":\"PropertyValueSpecification\",\"valueRequired\":true,\"valueName\":\"search_term_string\"}}],\"inLanguage\":\"it-CH\"},{\"@type\":\"Organization\",\"@id\":\"https:\/\/www.laboratoireslelegard.com\/#organization\",\"name\":\"Laboratoires Lel\u00e9gard\",\"url\":\"https:\/\/www.laboratoireslelegard.com\/\",\"logo\":{\"@type\":\"ImageObject\",\"inLanguage\":\"it-CH\",\"@id\":\"https:\/\/www.laboratoireslelegard.com\/#\/schema\/logo\/image\/\",\"url\":\"https:\/\/www.laboratoireslelegard.com\/wp-content\/uploads\/2022\/10\/labolelegard.svg\",\"contentUrl\":\"https:\/\/www.laboratoireslelegard.com\/wp-content\/uploads\/2022\/10\/labolelegard.svg\",\"width\":515,\"height\":116,\"caption\":\"Laboratoires Lel\u00e9gard\"},\"image\":{\"@id\":\"https:\/\/www.laboratoireslelegard.com\/#\/schema\/logo\/image\/\"}},{\"@type\":\"Person\",\"@id\":\"https:\/\/www.laboratoireslelegard.com\/#\/schema\/person\/2fd5b214031849439255ae250ec66b73\",\"name\":\"Lo\u00efc CHOSSIERE\",\"image\":{\"@type\":\"ImageObject\",\"inLanguage\":\"it-CH\",\"@id\":\"https:\/\/www.laboratoireslelegard.com\/#\/schema\/person\/image\/\",\"url\":\"https:\/\/secure.gravatar.com\/avatar\/68214a8294403ec06da5cfdbb6561192858cde55a3bb4b06732b38c21738dd69?s=96&d=mm&r=g\",\"contentUrl\":\"https:\/\/secure.gravatar.com\/avatar\/68214a8294403ec06da5cfdbb6561192858cde55a3bb4b06732b38c21738dd69?s=96&d=mm&r=g\",\"caption\":\"Lo\u00efc CHOSSIERE\"},\"sameAs\":[\"https:\/\/www.loicchossiere.fr\"],\"url\":\"https:\/\/www.laboratoireslelegard.com\/it_ch\/author\/loicchossiere\/\"}]}<\/script>\n<!-- \/ Yoast SEO plugin. -->","yoast_head_json":{"title":"R\u00e8glement 2023\/1115 R\u00e8glementation D\u00e9forestation","description":"Impact de l'impl\u00e9mentation du R\u00e8glement D\u00e9forestation sur l'Industrie Cosm\u00e9tique : Un D\u00e9fi, mais aussi une Opportunit\u00e9.","robots":{"index":"index","follow":"follow","max-snippet":"max-snippet:-1","max-image-preview":"max-image-preview:large","max-video-preview":"max-video-preview:-1"},"canonical":"https:\/\/www.laboratoireslelegard.com\/it_ch\/2025\/03\/17\/reglement-2023-1115-reglementation-deforestation\/","og_locale":"it_IT","og_type":"article","og_title":"R\u00e8glement 2023\/1115 R\u00e8glementation D\u00e9forestation","og_description":"Impact de l'impl\u00e9mentation du R\u00e8glement D\u00e9forestation sur l'Industrie Cosm\u00e9tique : Un D\u00e9fi, mais aussi une Opportunit\u00e9.","og_url":"https:\/\/www.laboratoireslelegard.com\/it_ch\/2025\/03\/17\/reglement-2023-1115-reglementation-deforestation\/","og_site_name":"Laboratoires Lel\u00e9gard","article_published_time":"2025-03-17T15:59:36+00:00","article_modified_time":"2025-03-24T14:46:47+00:00","og_image":[{"width":1024,"height":709,"url":"https:\/\/www.laboratoireslelegard.com\/wp-content\/uploads\/2025\/03\/Canva-reglement-1024x709.png","type":"image\/png"}],"author":"Lo\u00efc CHOSSIERE","twitter_card":"summary_large_image","twitter_misc":{"Written by":"Lo\u00efc CHOSSIERE","Est. reading time":"6 minutes"},"schema":{"@context":"https:\/\/schema.org","@graph":[{"@type":"Article","@id":"https:\/\/www.laboratoireslelegard.com\/2025\/03\/17\/reglement-2023-1115-reglementation-deforestation\/#article","isPartOf":{"@id":"https:\/\/www.laboratoireslelegard.com\/2025\/03\/17\/reglement-2023-1115-reglementation-deforestation\/"},"author":{"name":"Lo\u00efc CHOSSIERE","@id":"https:\/\/www.laboratoireslelegard.com\/#\/schema\/person\/2fd5b214031849439255ae250ec66b73"},"headline":"R\u00e8glement (UE) 2023\/1115 R\u00e8glementation D\u00e9forestation","datePublished":"2025-03-17T15:59:36+00:00","dateModified":"2025-03-24T14:46:47+00:00","mainEntityOfPage":{"@id":"https:\/\/www.laboratoireslelegard.com\/2025\/03\/17\/reglement-2023-1115-reglementation-deforestation\/"},"wordCount":968,"commentCount":0,"publisher":{"@id":"https:\/\/www.laboratoireslelegard.com\/#organization"},"image":{"@id":"https:\/\/www.laboratoireslelegard.com\/2025\/03\/17\/reglement-2023-1115-reglementation-deforestation\/#primaryimage"},"thumbnailUrl":"https:\/\/www.laboratoireslelegard.com\/wp-content\/uploads\/2025\/03\/Canva-reglement.png","articleSection":["R\u00e9glementation"],"inLanguage":"it-CH","potentialAction":[{"@type":"CommentAction","name":"Comment","target":["https:\/\/www.laboratoireslelegard.com\/2025\/03\/17\/reglement-2023-1115-reglementation-deforestation\/#respond"]}]},{"@type":"WebPage","@id":"https:\/\/www.laboratoireslelegard.com\/2025\/03\/17\/reglement-2023-1115-reglementation-deforestation\/","url":"https:\/\/www.laboratoireslelegard.com\/2025\/03\/17\/reglement-2023-1115-reglementation-deforestation\/","name":"R\u00e8glement 2023\/1115 R\u00e8glementation D\u00e9forestation","isPartOf":{"@id":"https:\/\/www.laboratoireslelegard.com\/#website"},"primaryImageOfPage":{"@id":"https:\/\/www.laboratoireslelegard.com\/2025\/03\/17\/reglement-2023-1115-reglementation-deforestation\/#primaryimage"},"image":{"@id":"https:\/\/www.laboratoireslelegard.com\/2025\/03\/17\/reglement-2023-1115-reglementation-deforestation\/#primaryimage"},"thumbnailUrl":"https:\/\/www.laboratoireslelegard.com\/wp-content\/uploads\/2025\/03\/Canva-reglement.png","datePublished":"2025-03-17T15:59:36+00:00","dateModified":"2025-03-24T14:46:47+00:00","description":"Impact de l'impl\u00e9mentation du R\u00e8glement D\u00e9forestation sur l'Industrie Cosm\u00e9tique : Un D\u00e9fi, mais aussi une Opportunit\u00e9.","breadcrumb":{"@id":"https:\/\/www.laboratoireslelegard.com\/2025\/03\/17\/reglement-2023-1115-reglementation-deforestation\/#breadcrumb"},"inLanguage":"it-CH","potentialAction":[{"@type":"ReadAction","target":["https:\/\/www.laboratoireslelegard.com\/2025\/03\/17\/reglement-2023-1115-reglementation-deforestation\/"]}]},{"@type":"ImageObject","inLanguage":"it-CH","@id":"https:\/\/www.laboratoireslelegard.com\/2025\/03\/17\/reglement-2023-1115-reglementation-deforestation\/#primaryimage","url":"https:\/\/www.laboratoireslelegard.com\/wp-content\/uploads\/2025\/03\/Canva-reglement.png","contentUrl":"https:\/\/www.laboratoireslelegard.com\/wp-content\/uploads\/2025\/03\/Canva-reglement.png","width":4913,"height":3401},{"@type":"BreadcrumbList","@id":"https:\/\/www.laboratoireslelegard.com\/2025\/03\/17\/reglement-2023-1115-reglementation-deforestation\/#breadcrumb","itemListElement":[{"@type":"ListItem","position":1,"name":"Accueil","item":"https:\/\/www.laboratoireslelegard.com\/"},{"@type":"ListItem","position":2,"name":"R\u00e8glement (UE) 2023\/1115 R\u00e8glementation D\u00e9forestation"}]},{"@type":"WebSite","@id":"https:\/\/www.laboratoireslelegard.com\/#website","url":"https:\/\/www.laboratoireslelegard.com\/","name":"Laboratoires Lel\u00e9gard","description":"SERVICE DE REGLEMENTATION ET TOXICOLOGIE","publisher":{"@id":"https:\/\/www.laboratoireslelegard.com\/#organization"},"potentialAction":[{"@type":"SearchAction","target":{"@type":"EntryPoint","urlTemplate":"https:\/\/www.laboratoireslelegard.com\/?s={search_term_string}"},"query-input":{"@type":"PropertyValueSpecification","valueRequired":true,"valueName":"search_term_string"}}],"inLanguage":"it-CH"},{"@type":"Organization","@id":"https:\/\/www.laboratoireslelegard.com\/#organization","name":"Laboratoires Lel\u00e9gard","url":"https:\/\/www.laboratoireslelegard.com\/","logo":{"@type":"ImageObject","inLanguage":"it-CH","@id":"https:\/\/www.laboratoireslelegard.com\/#\/schema\/logo\/image\/","url":"https:\/\/www.laboratoireslelegard.com\/wp-content\/uploads\/2022\/10\/labolelegard.svg","contentUrl":"https:\/\/www.laboratoireslelegard.com\/wp-content\/uploads\/2022\/10\/labolelegard.svg","width":515,"height":116,"caption":"Laboratoires Lel\u00e9gard"},"image":{"@id":"https:\/\/www.laboratoireslelegard.com\/#\/schema\/logo\/image\/"}},{"@type":"Person","@id":"https:\/\/www.laboratoireslelegard.com\/#\/schema\/person\/2fd5b214031849439255ae250ec66b73","name":"Lo\u00efc CHOSSIERE","image":{"@type":"ImageObject","inLanguage":"it-CH","@id":"https:\/\/www.laboratoireslelegard.com\/#\/schema\/person\/image\/","url":"https:\/\/secure.gravatar.com\/avatar\/68214a8294403ec06da5cfdbb6561192858cde55a3bb4b06732b38c21738dd69?s=96&d=mm&r=g","contentUrl":"https:\/\/secure.gravatar.com\/avatar\/68214a8294403ec06da5cfdbb6561192858cde55a3bb4b06732b38c21738dd69?s=96&d=mm&r=g","caption":"Lo\u00efc CHOSSIERE"},"sameAs":["https:\/\/www.loicchossiere.fr"],"url":"https:\/\/www.laboratoireslelegard.com\/it_ch\/author\/loicchossiere\/"}]}},"_links":{"self":[{"href":"https:\/\/www.laboratoireslelegard.com\/it_ch\/wp-json\/wp\/v2\/posts\/1630","targetHints":{"allow":["GET"]}}],"collection":[{"href":"https:\/\/www.laboratoireslelegard.com\/it_ch\/wp-json\/wp\/v2\/posts"}],"about":[{"href":"https:\/\/www.laboratoireslelegard.com\/it_ch\/wp-json\/wp\/v2\/types\/post"}],"author":[{"embeddable":true,"href":"https:\/\/www.laboratoireslelegard.com\/it_ch\/wp-json\/wp\/v2\/users\/2"}],"replies":[{"embeddable":true,"href":"https:\/\/www.laboratoireslelegard.com\/it_ch\/wp-json\/wp\/v2\/comments?post=1630"}],"version-history":[{"count":17,"href":"https:\/\/www.laboratoireslelegard.com\/it_ch\/wp-json\/wp\/v2\/posts\/1630\/revisions"}],"predecessor-version":[{"id":1656,"href":"https:\/\/www.laboratoireslelegard.com\/it_ch\/wp-json\/wp\/v2\/posts\/1630\/revisions\/1656"}],"wp:featuredmedia":[{"embeddable":true,"href":"https:\/\/www.laboratoireslelegard.com\/it_ch\/wp-json\/wp\/v2\/media\/1582"}],"wp:attachment":[{"href":"https:\/\/www.laboratoireslelegard.com\/it_ch\/wp-json\/wp\/v2\/media?parent=1630"}],"wp:term":[{"taxonomy":"category","embeddable":true,"href":"https:\/\/www.laboratoireslelegard.com\/it_ch\/wp-json\/wp\/v2\/categories?post=1630"},{"taxonomy":"post_tag","embeddable":true,"href":"https:\/\/www.laboratoireslelegard.com\/it_ch\/wp-json\/wp\/v2\/tags?post=1630"}],"curies":[{"name":"wp","href":"https:\/\/api.w.org\/{rel}","templated":true}]}}