{"id":1698,"date":"2025-04-29T15:36:09","date_gmt":"2025-04-29T13:36:09","guid":{"rendered":"https:\/\/www.laboratoireslelegard.com\/?p=1698"},"modified":"2025-04-29T15:36:09","modified_gmt":"2025-04-29T13:36:09","slug":"regolamento-2023-2055-microplastiche","status":"publish","type":"post","link":"https:\/\/www.laboratoireslelegard.com\/it\/2025\/04\/29\/regolamento-2023-2055-microplastiche\/","title":{"rendered":"Regolamento Microplastiche"},"content":{"rendered":"<div data-elementor-type=\"wp-post\" data-elementor-id=\"1698\" class=\"elementor elementor-1698\" data-elementor-post-type=\"post\">\n\t\t\t\t\t\t<section class=\"elementor-section elementor-top-section elementor-element elementor-element-8d23ac4 elementor-section-boxed elementor-section-height-default elementor-section-height-default\" data-id=\"8d23ac4\" data-element_type=\"section\">\n\t\t\t\t\t\t<div class=\"elementor-container elementor-column-gap-default\">\n\t\t\t\t\t<div class=\"elementor-column elementor-col-100 elementor-top-column elementor-element elementor-element-cef40de\" data-id=\"cef40de\" data-element_type=\"column\">\n\t\t\t<div class=\"elementor-widget-wrap elementor-element-populated\">\n\t\t\t\t\t\t<div class=\"elementor-element elementor-element-36a928b elementor-widget__width-initial elementor-widget elementor-widget-text-editor\" data-id=\"36a928b\" data-element_type=\"widget\" data-widget_type=\"text-editor.default\">\n\t\t\t\t<div class=\"elementor-widget-container\">\n\t\t\t\t\t\t\t\t\t<h3>Regolamento sulle microplastiche: una svolta normativa per l'industria cosmetica in Europa<\/h3><h4>Le microplastiche al centro delle preoccupazioni ambientali e normative<\/h4><p>Le microplastiche, particelle minuscole ma persistenti, sono al centro delle preoccupazioni <br \/>ambientali e sanitarie. Utilizzati nei prodotti cosmetici per le loro propriet\u00e0 <br \/>funzionali (esfolianti, filmogeni o anche per migliorare la consistenza), oggi sono mirati <br \/>da una normativa europea ambiziosa volta a limitarne la dispersione nell'ambiente.<\/p><p>Il loro accumulo nel suolo, negli ambienti acquatici e persino nella catena alimentare \u00e8 motivo di preoccupazione. <br \/>sempre pi\u00f9. Studi recenti sottolineano i loro effetti potenzialmente dannosi sulla fauna, cos\u00ec come <br \/>i rischi emergenti per la salute umana.<\/p><p>Di fronte a queste sfide, l'Unione europea ha avviato una risposta strutturata. Se alcuni Stati membri <br \/>avevano gi\u00e0 adottato misure individuali, la Commissione europea ha voluto armonizzare tali <br \/>iniziative. Ha incaricato l'Agenzia europea per le sostanze chimiche (ECHA) di proporre una <br \/>restrizione basata su dati scientifici solidi. Il regolamento (UE) 2023\/2055 ne \u00e8 l'esempio. <br \/>risultato.<\/p><h4>Ambito di applicazione e definizione delle microplastiche<\/h4><p>L'ECHA definisce una microplastica come una particella di dimensioni inferiori o uguali a 5 mm, contenente un polimero solido, con o senza additivi.<\/p><p>Su questa base, il regolamento (UE) 2023\/2055 limita l'uso intenzionale delle microparticelle. <br \/>di polimeri sintetici (MPS) nei prodotti immessi sul mercato europeo, oltre una soglia di <br \/>concentrazione dello 0,01% in massa di %. Tale restrizione \u00e8 entrata in vigore a partire dal 17 ottobre. <br \/>2023 a seguito della pubblicazione del regolamento.<\/p><p>La definizione normativa delle microplastiche si basa su diversi criteri: dimensione delle particelle, <br \/>percentuale massica, natura del polimero. Infatti, un polimero \u00e8 considerato un MPS se soddisfa cumulativamente queste tre condizioni:<\/p><p><strong>1. I polimeri devono essere contemporaneamente:<\/strong><\/p><ul><li>Solidi; e\u00a0<\/li><li>\u00a0Polimeri sintetici o polimeri naturali modificati chimicamente; e<\/li><li>Organici (ovvero contenenti atomi di carbonio in qualsiasi punto della loro struttura), <br \/>e<\/li><li>Non degradabili, se testati in conformit\u00e0 all'appendice 15 dell'allegato XVII di <br \/>REACH; e<\/li><li>\u00abInsolubili\u00bb, ovvero che non presentano una solubilit\u00e0 superiore a 2 g\/L quando <br \/>sono testati in conformit\u00e0 all'appendice 16 dell'allegato XVII del regolamento REACH<\/li><\/ul><p><strong>2. I polimeri devono soddisfare uno dei due criteri seguenti:<\/strong><\/p><ul><li>Essere presenti nelle particelle in una concentrazione superiore o uguale a 1 % in peso <br \/>(ovvero il peso del o dei polimeri rappresenta tra l'1% e il 100% del peso totale di <br \/>la particella che li contiene); oppure<\/li><li>Formare un rivestimento continuo attorno alle particelle (comprese quelle con nucleo liquido, come <br \/>vescicole). In questo caso non si applica alcun limite di concentrazione. Il rivestimento deve <br \/>essere continuo, ovvero non pu\u00f2 essere costituito da zone isolate di polimeri che non <br \/>non si toccano. Tuttavia, non \u00e8 necessario che questo rivestimento copra interamente <br \/>Superficie: \u00e8 tollerata la presenza di piccoli spazi nel rivestimento.<\/li><\/ul><p><strong>3. Almeno l'1% in peso delle particelle contenenti o rivestite di polimeri solidi deve <\/strong><br \/><strong>misurare 5 mm o meno in tutte le loro dimensioni.<\/strong> Alcune particelle di polimero <br \/>Le fibre sintetiche hanno una lunghezza superiore a 5 mm ma inferiore a 15 mm. Essendo <br \/>dato che queste particelle di tipo fibroso sono molto persistenti e contribuiscono al rischio identificato, <br \/>Il fascicolo allegato XV ha ritenuto che dovessero essere incluse nel campo di applicazione di <br \/>la restrizione.<\/p><p>Un polimero (o una combinazione di polimeri) che soddisfa le tre condizioni sopra indicate \u00e8 un <br \/>MPS. Se non soddisfa una o pi\u00f9 di queste tre condizioni, non \u00e8 un MPS e quindi non \u00e8 <br \/>interessato dalla restrizione.<\/p><p>Infatti, alcune sostanze sono escluse da questa definizione, in particolare i polimeri solubili o <br \/>biodegradabili, oppure sono oggetto di esenzioni previste in casi specifici:<\/p><ul><li>Gli MPS utilizzati esclusivamente nei siti industriali; ;<\/li><li>Gli MPS utilizzati in contesti specifici disciplinati da altri regolamenti quali <br \/>in medicinali, fertilizzanti, dispositivi medici o anche in <br \/>additivi alimentari, tra gli altri; ;<\/li><li>MPS incapsulati in modo da non essere rilasciati nell'ambiente; ;<\/li><li>Quelli le cui propriet\u00e0 sono alterate in modo permanente prima della fine del ciclo di vita del prodotto; ;<\/li><li>Quelli integrati in modo irreversibile in una matrice solida.<\/li><\/ul><p><img fetchpriority=\"high\" decoding=\"async\" class=\"size-medium wp-image-1700 aligncenter\" src=\"https:\/\/www.laboratoireslelegard.com\/wp-content\/uploads\/2025\/04\/Capture-decran_23-4-2025_10459_-270x300.jpeg\" alt=\"\" width=\"270\" height=\"300\" srcset=\"https:\/\/www.laboratoireslelegard.com\/wp-content\/uploads\/2025\/04\/Capture-decran_23-4-2025_10459_-270x300.jpeg 270w, https:\/\/www.laboratoireslelegard.com\/wp-content\/uploads\/2025\/04\/Capture-decran_23-4-2025_10459_-768x853.jpeg 768w, https:\/\/www.laboratoireslelegard.com\/wp-content\/uploads\/2025\/04\/Capture-decran_23-4-2025_10459_-441x490.jpeg 441w, https:\/\/www.laboratoireslelegard.com\/wp-content\/uploads\/2025\/04\/Capture-decran_23-4-2025_10459_-600x666.jpeg 600w, https:\/\/www.laboratoireslelegard.com\/wp-content\/uploads\/2025\/04\/Capture-decran_23-4-2025_10459_-150x167.jpeg 150w, https:\/\/www.laboratoireslelegard.com\/wp-content\/uploads\/2025\/04\/Capture-decran_23-4-2025_10459_.jpeg 860w\" sizes=\"(max-width: 270px) 100vw, 270px\" \/><\/p><p><em><strong>Schema di identificazione delle MPS soggette a restrizioni ai sensi del regolamento (UE) 2023\/2055 (Schema tratto dalla guida pubblicata <\/strong><\/em><em><strong>dalla Commissione europea \u2013 Guida esplicativa 2025)<\/strong><\/em><\/p><p>Questo schema decisionale guida gli operatori nella valutazione della presenza e dell'eventuale restrizione delle microparticelle di polimeri sintetici (SPM) nelle sostanze o nelle miscele immesse sul mercato. Si basa su un approccio a tre livelli (Tier 1 - Tier 3) che consente di determinare:<\/p><ul><li>Se i polimeri presenti soddisfano la definizione normativa di SPM,<\/li><li>Se la loro concentrazione supera la soglia regolamentare dello 0,01% in massa,<\/li><li>E se si applicano delle restrizioni.<\/li><\/ul><p>I riferimenti ad altre figure o sezioni del regolamento facilitano l'interpretazione dettagliata dei criteri di valutazione.<\/p><h4>Calendario di attuazione<\/h4><p>Al fine di concedere all'industria il tempo necessario per adeguarsi, sono previsti periodi di transizione differenziati. <br \/>sono state definite in base alle categorie di prodotti:<\/p><ul><li>Dal 1\u00b0 luglio 2018: divieto di utilizzo delle microsfere nei prodotti da risciacquo.<\/li><li>Entro il 17 ottobre 2027: fine del periodo di transizione per tutti i prodotti risciacquabili.<\/li><li>Entro il 17 ottobre 2029: fine del periodo di transizione per i prodotti non risciacquati e i <br \/>profumi incapsulati.<\/li><li>Entro il 17 ottobre 2035: fine del periodo di transizione per i prodotti cosmetici, i <br \/>prodotti per labbra e unghie.<\/li><\/ul><p>Alcuni usi specifici, come i profumi incapsulati o i glitter (composti da plastica e alluminio), beneficiano di scadenze prorogate, data l'assenza di alternative valide ad oggi.<\/p><h4>Responsabilit\u00e0 degli attori e trasparenza<\/h4><p>A partire dal 17 ottobre 2025, i fornitori di microparticelle di polimeri sintetici destinati a <br \/>essere utilizzate in siti industriali, dovranno fornire le seguenti informazioni:<\/p><ul><li>Istruzioni per l'uso e lo smaltimento destinate agli utenti industriali a valle, al fine di <br \/>spiegare loro come limitare lo scarico di microparticelle di polimeri sintetici nell' <br \/>l'ambiente; ;<\/li><li>La seguente dichiarazione: \u00abLe microparticelle di polimero sintetico fornite sono <br \/>soggette alle condizioni definite alla voce 78 dell'allegato XVII del regolamento (CE) n. 1907\/2006 <br \/>del Parlamento europeo e del Consiglio. \u00bb<\/li><li>Informazioni sulla quantit\u00e0 o, se del caso, sulla concentrazione di microparticelle di <br \/>polimeri sintetici presenti nella sostanza o nella miscela; ;<\/li><li>Informazioni generiche sull'identit\u00e0 dei polimeri contenuti nella sostanza o nel <br \/>miscela, consentendo ai produttori, agli utilizzatori industriali a valle e ad altri <br \/>fornitori a rispettare i propri obblighi.<\/li><\/ul><p>Inoltre, a partire dal 17 ottobre 2025, i fornitori di additivi alimentari contenenti MPS e <br \/>di prodotti in cui gli MPS rimangono confinati (ad esempio in una matrice solida) dovranno tutti <br \/>fornire istruzioni per l'uso e lo smaltimento destinate agli utenti professionali e al <br \/>grande pubblico, al fine di prevenire il rilascio di microparticelle di polimeri sintetici nell' <br \/>l'ambiente.<\/p><p>Lo stesso vale a partire dal 17 ottobre 2026 per i fornitori di dispositivi diagnostici in vitro.<\/p><p>Queste istruzioni devono essere disponibili nelle lingue ufficiali dei paesi in cui i prodotti sono <br \/>commercializzati e disponibili anche in versione digitale.<\/p><p>Tra il 17 ottobre 2031 e il 16 ottobre 2035, i prodotti per labbra, unghie e trucco <br \/>dovranno recare la dicitura: \u00abQuesto prodotto contiene microplastiche\u00bb, ad eccezione di quelli immessi sul mercato <br \/>prima di tale data.<\/p><h4>Obblighi di dichiarazione per gli usi industriali esenti<\/h4><p>Per gli usi industriali che beneficiano di esenzioni, sono previsti obblighi di dichiarazione specifici. <br \/>introdotte. Devono fornire le seguenti informazioni:<\/p><ul><li>Descrizione degli usi interessati,<\/li><li>Identificazione dei polimeri utilizzati,<\/li><li>Quantit\u00e0 stimate di MPS rilasciate nell'ambiente.<\/li><\/ul><p>Gli attori della catena di approvvigionamento soggetti a tale obbligo dovranno trasmettere all'ECHA, <br \/>entro il 31 maggio di ogni anno, le emissioni stimate di MPS legate all'uso di tali sostanze <br \/>o prodotti.<\/p><p>Questo requisito mira a valutare l'efficacia delle misure di utilizzo e smaltimento messe in atto per <br \/>gli usi derogatori, nonch\u00e9 la restrizione nel suo complesso. I dati raccolti saranno <br \/>centralizzate dall'ECHA, quindi trasmesse agli Stati membri e alla Commissione europea, al fine di <br \/>identificare:<\/p><ul><li>Usi che richiedono una gestione dei rischi rafforzata; ;<\/li><li>Quelli per cui le emissioni diminuiscono significativamente nel tempo.<\/li><\/ul><h4>Un passo fondamentale verso un'industria pi\u00f9 sostenibile<\/h4><p>Il progressivo divieto delle microplastiche intenzionali segna una tappa importante nella politica ambientale dell'Unione europea. Spinge l'industria cosmetica ad adeguare le proprie pratiche, a sviluppare alternative pi\u00f9 sostenibili e a rafforzare la trasparenza nei confronti dei <br \/>consumatori.<\/p><h4>E i laboratori Lel\u00e9gard in tutto questo?<\/h4><p>Noi di Laboratoires Lel\u00e9gard facciamo della conformit\u00e0 un fattore di differenziazione. Il nostro team <br \/>Il nostro team di esperti vi accompagna in ogni fase del processo per anticipare e integrare con serenit\u00e0 i requisiti del <br \/>Regolamento (UE) 2023\/2055: analisi delle vostre formule, identificazione delle sostanze interessate, <br \/>valutazione delle esenzioni, indicazioni di etichettatura, segnalazioni all'ECHA...<\/p><p>Il nostro obiettivo? Aiutarvi a trasformare questo vincolo normativo in <strong>opportunit\u00e0 di innovazione, <\/strong><br \/><strong>di trasparenza e valorizzazione<\/strong> dei vostri impegni ambientali.<\/p><p>\u00a0 \u00a0 \u00a0 \u00a0 \u00a0 \u00a0 \u00a0 \u00a0 \u00a0 \u00a0 \u00a0 \u00a0 \u00a0 \u00a0 \u00a0 \u00a0 \u00a0 \u00a0 \u00a0 \u00a0 \u00a0 \u00a0 \u00a0 \u00a0 \u00a0 \u00a0 \u00a0 \u00a0 \u00a0 \u00a0 \u00a0 \u00a0 \u00a0 \u00a0 \u00a0 \u00a0 Risparmia tempo, <br \/>\u00a0 \u00a0 \u00a0 \u00a0 \u00a0 \u00a0 \u00a0 \u00a0 \u00a0 \u00a0 \u00a0 \u00a0 \u00a0 \u00a0 \u00a0 \u00a0 \u00a0 \u00a0 \u00a0 \u00a0 \u00a0 \u00a0 \u00a0 \u00a0 \u00a0 \u00a0 \u00a0 \u00a0 \u00a0 \u00a0 Rendete sicuri i vostri lanci di prodotto, <br \/>\u00a0 \u00a0 \u00a0 \u00a0 \u00a0 \u00a0 \u00a0 \u00a0 \u00a0 \u00a0 \u00a0 \u00a0 \u00a0 \u00a0 \u00a0 \u00a0 \u00a0 \u00a0E rendete la conformit\u00e0 un <strong>un vantaggio strategico per il vostro marchio.<\/strong><\/p>\t\t\t\t\t\t\t\t<\/div>\n\t\t\t\t<\/div>\n\t\t\t\t\t<\/div>\n\t\t<\/div>\n\t\t\t\t\t<\/div>\n\t\t<\/section>\n\t\t\t\t<\/div>","protected":false},"excerpt":{"rendered":"<p>Regolamento sulle microplastiche: una svolta normativa per l'industria cosmetica in Europa Le microplastiche al centro delle preoccupazioni ambientali e normative Le microplastiche, particelle minuscole ma persistenti, sono al centro delle preoccupazioni ambientali e sanitarie. Utilizzate nei prodotti cosmetici per le loro propriet\u00e0 funzionali (esfolianti, filmogene o anche per migliorare la consistenza), oggi sono [\u2026]<\/p>","protected":false},"author":7,"featured_media":1699,"comment_status":"open","ping_status":"open","sticky":false,"template":"","format":"standard","meta":{"_acf_changed":false,"footnotes":""},"categories":[124],"tags":[],"class_list":["post-1698","post","type-post","status-publish","format-standard","has-post-thumbnail","hentry","category-reglementation"],"acf":[],"yoast_head":"<!-- This site is optimized with the Yoast SEO plugin v24.6 - https:\/\/yoast.com\/wordpress\/plugins\/seo\/ -->\n<title>R\u00e8glement Microplastiques<\/title>\n<meta name=\"description\" content=\"Les microplastiques, ces particules minuscules mais persistantes, sont au c\u0153ur des pr\u00e9occupations environnementales et sanitaires. Utilis\u00e9s dans les produits cosm\u00e9tiques pour leurs propri\u00e9t\u00e9s fonctionnelles, ils sont aujourd\u2019hui cibl\u00e9s par une r\u00e9glementation europ\u00e9enne ambitieuse visant \u00e0 limiter leur dispersion dans l\u2019environnement.\" \/>\n<meta name=\"robots\" content=\"index, follow, max-snippet:-1, max-image-preview:large, max-video-preview:-1\" \/>\n<link rel=\"canonical\" href=\"https:\/\/www.laboratoireslelegard.com\/it\/2025\/04\/29\/regolamento-2023-2055-microplastiche\/\" \/>\n<meta property=\"og:locale\" content=\"it_IT\" \/>\n<meta property=\"og:type\" content=\"article\" \/>\n<meta property=\"og:title\" content=\"R\u00e8glement Microplastiques\" \/>\n<meta property=\"og:description\" content=\"Les microplastiques, ces particules minuscules mais persistantes, sont au c\u0153ur des pr\u00e9occupations environnementales et sanitaires. Utilis\u00e9s dans les produits cosm\u00e9tiques pour leurs propri\u00e9t\u00e9s fonctionnelles, ils sont aujourd\u2019hui cibl\u00e9s par une r\u00e9glementation europ\u00e9enne ambitieuse visant \u00e0 limiter leur dispersion dans l\u2019environnement.\" \/>\n<meta property=\"og:url\" content=\"https:\/\/www.laboratoireslelegard.com\/it\/2025\/04\/29\/regolamento-2023-2055-microplastiche\/\" \/>\n<meta property=\"og:site_name\" content=\"Laboratoires Lel\u00e9gard\" \/>\n<meta property=\"article:published_time\" content=\"2025-04-29T13:36:09+00:00\" \/>\n<meta property=\"og:image\" content=\"https:\/\/www.laboratoireslelegard.com\/wp-content\/uploads\/2025\/04\/Drapeau-microplastiques-1024x709.png\" \/>\n\t<meta property=\"og:image:width\" content=\"1024\" \/>\n\t<meta property=\"og:image:height\" content=\"709\" \/>\n\t<meta property=\"og:image:type\" content=\"image\/png\" \/>\n<meta name=\"author\" content=\"Elo\u00efse Dumery\" \/>\n<meta name=\"twitter:card\" content=\"summary_large_image\" \/>\n<meta name=\"twitter:label1\" content=\"Scritto da\" \/>\n\t<meta name=\"twitter:data1\" content=\"Elo\u00efse Dumery\" \/>\n\t<meta name=\"twitter:label2\" content=\"Tempo di lettura stimato\" \/>\n\t<meta name=\"twitter:data2\" content=\"9 minuti\" \/>\n<script type=\"application\/ld+json\" class=\"yoast-schema-graph\">{\"@context\":\"https:\/\/schema.org\",\"@graph\":[{\"@type\":\"Article\",\"@id\":\"https:\/\/www.laboratoireslelegard.com\/2025\/04\/29\/reglement-2023-2055-microplastiques\/#article\",\"isPartOf\":{\"@id\":\"https:\/\/www.laboratoireslelegard.com\/2025\/04\/29\/reglement-2023-2055-microplastiques\/\"},\"author\":{\"name\":\"Elo\u00efse Dumery\",\"@id\":\"https:\/\/www.laboratoireslelegard.com\/#\/schema\/person\/28dfff0b95db949da37d5b6a4e9b8f96\"},\"headline\":\"R\u00e8glement Microplastiques\",\"datePublished\":\"2025-04-29T13:36:09+00:00\",\"mainEntityOfPage\":{\"@id\":\"https:\/\/www.laboratoireslelegard.com\/2025\/04\/29\/reglement-2023-2055-microplastiques\/\"},\"wordCount\":1712,\"commentCount\":0,\"publisher\":{\"@id\":\"https:\/\/www.laboratoireslelegard.com\/#organization\"},\"image\":{\"@id\":\"https:\/\/www.laboratoireslelegard.com\/2025\/04\/29\/reglement-2023-2055-microplastiques\/#primaryimage\"},\"thumbnailUrl\":\"https:\/\/www.laboratoireslelegard.com\/wp-content\/uploads\/2025\/04\/Drapeau-microplastiques-scaled.png\",\"articleSection\":[\"R\u00e9glementation\"],\"inLanguage\":\"it-IT\",\"potentialAction\":[{\"@type\":\"CommentAction\",\"name\":\"Comment\",\"target\":[\"https:\/\/www.laboratoireslelegard.com\/2025\/04\/29\/reglement-2023-2055-microplastiques\/#respond\"]}]},{\"@type\":\"WebPage\",\"@id\":\"https:\/\/www.laboratoireslelegard.com\/2025\/04\/29\/reglement-2023-2055-microplastiques\/\",\"url\":\"https:\/\/www.laboratoireslelegard.com\/2025\/04\/29\/reglement-2023-2055-microplastiques\/\",\"name\":\"R\u00e8glement Microplastiques\",\"isPartOf\":{\"@id\":\"https:\/\/www.laboratoireslelegard.com\/#website\"},\"primaryImageOfPage\":{\"@id\":\"https:\/\/www.laboratoireslelegard.com\/2025\/04\/29\/reglement-2023-2055-microplastiques\/#primaryimage\"},\"image\":{\"@id\":\"https:\/\/www.laboratoireslelegard.com\/2025\/04\/29\/reglement-2023-2055-microplastiques\/#primaryimage\"},\"thumbnailUrl\":\"https:\/\/www.laboratoireslelegard.com\/wp-content\/uploads\/2025\/04\/Drapeau-microplastiques-scaled.png\",\"datePublished\":\"2025-04-29T13:36:09+00:00\",\"description\":\"Les microplastiques, ces particules minuscules mais persistantes, sont au c\u0153ur des pr\u00e9occupations environnementales et sanitaires. Utilis\u00e9s dans les produits cosm\u00e9tiques pour leurs propri\u00e9t\u00e9s fonctionnelles, ils sont aujourd\u2019hui cibl\u00e9s par une r\u00e9glementation europ\u00e9enne ambitieuse visant \u00e0 limiter leur dispersion dans l\u2019environnement.\",\"breadcrumb\":{\"@id\":\"https:\/\/www.laboratoireslelegard.com\/2025\/04\/29\/reglement-2023-2055-microplastiques\/#breadcrumb\"},\"inLanguage\":\"it-IT\",\"potentialAction\":[{\"@type\":\"ReadAction\",\"target\":[\"https:\/\/www.laboratoireslelegard.com\/2025\/04\/29\/reglement-2023-2055-microplastiques\/\"]}]},{\"@type\":\"ImageObject\",\"inLanguage\":\"it-IT\",\"@id\":\"https:\/\/www.laboratoireslelegard.com\/2025\/04\/29\/reglement-2023-2055-microplastiques\/#primaryimage\",\"url\":\"https:\/\/www.laboratoireslelegard.com\/wp-content\/uploads\/2025\/04\/Drapeau-microplastiques-scaled.png\",\"contentUrl\":\"https:\/\/www.laboratoireslelegard.com\/wp-content\/uploads\/2025\/04\/Drapeau-microplastiques-scaled.png\",\"width\":2560,\"height\":1773},{\"@type\":\"BreadcrumbList\",\"@id\":\"https:\/\/www.laboratoireslelegard.com\/2025\/04\/29\/reglement-2023-2055-microplastiques\/#breadcrumb\",\"itemListElement\":[{\"@type\":\"ListItem\",\"position\":1,\"name\":\"Accueil\",\"item\":\"https:\/\/www.laboratoireslelegard.com\/\"},{\"@type\":\"ListItem\",\"position\":2,\"name\":\"R\u00e8glement Microplastiques\"}]},{\"@type\":\"WebSite\",\"@id\":\"https:\/\/www.laboratoireslelegard.com\/#website\",\"url\":\"https:\/\/www.laboratoireslelegard.com\/\",\"name\":\"Laboratoires Lel\u00e9gard\",\"description\":\"SERVICE DE REGLEMENTATION ET TOXICOLOGIE\",\"publisher\":{\"@id\":\"https:\/\/www.laboratoireslelegard.com\/#organization\"},\"potentialAction\":[{\"@type\":\"SearchAction\",\"target\":{\"@type\":\"EntryPoint\",\"urlTemplate\":\"https:\/\/www.laboratoireslelegard.com\/?s={search_term_string}\"},\"query-input\":{\"@type\":\"PropertyValueSpecification\",\"valueRequired\":true,\"valueName\":\"search_term_string\"}}],\"inLanguage\":\"it-IT\"},{\"@type\":\"Organization\",\"@id\":\"https:\/\/www.laboratoireslelegard.com\/#organization\",\"name\":\"Laboratoires Lel\u00e9gard\",\"url\":\"https:\/\/www.laboratoireslelegard.com\/\",\"logo\":{\"@type\":\"ImageObject\",\"inLanguage\":\"it-IT\",\"@id\":\"https:\/\/www.laboratoireslelegard.com\/#\/schema\/logo\/image\/\",\"url\":\"https:\/\/www.laboratoireslelegard.com\/wp-content\/uploads\/2022\/10\/labolelegard.svg\",\"contentUrl\":\"https:\/\/www.laboratoireslelegard.com\/wp-content\/uploads\/2022\/10\/labolelegard.svg\",\"width\":515,\"height\":116,\"caption\":\"Laboratoires Lel\u00e9gard\"},\"image\":{\"@id\":\"https:\/\/www.laboratoireslelegard.com\/#\/schema\/logo\/image\/\"}},{\"@type\":\"Person\",\"@id\":\"https:\/\/www.laboratoireslelegard.com\/#\/schema\/person\/28dfff0b95db949da37d5b6a4e9b8f96\",\"name\":\"Elo\u00efse Dumery\",\"image\":{\"@type\":\"ImageObject\",\"inLanguage\":\"it-IT\",\"@id\":\"https:\/\/www.laboratoireslelegard.com\/#\/schema\/person\/image\/\",\"url\":\"https:\/\/secure.gravatar.com\/avatar\/7ede11b36b077b028cff9a1c897dbcc4589cf7cb02bbc7a79de1dd60cef779e3?s=96&d=mm&r=g\",\"contentUrl\":\"https:\/\/secure.gravatar.com\/avatar\/7ede11b36b077b028cff9a1c897dbcc4589cf7cb02bbc7a79de1dd60cef779e3?s=96&d=mm&r=g\",\"caption\":\"Elo\u00efse Dumery\"},\"url\":\"https:\/\/www.laboratoireslelegard.com\/it\/author\/dumery\/\"}]}<\/script>\n<!-- \/ Yoast SEO plugin. -->","yoast_head_json":{"title":"Regolamento Microplastiche","description":"Le microplastiche, particelle minuscole ma persistenti, sono al centro delle preoccupazioni ambientali e sanitarie. Utilizzate nei prodotti cosmetici per le loro propriet\u00e0 funzionali, sono oggi oggetto di un'ambiziosa normativa europea volta a limitarne la dispersione nell'ambiente.","robots":{"index":"index","follow":"follow","max-snippet":"max-snippet:-1","max-image-preview":"max-image-preview:large","max-video-preview":"max-video-preview:-1"},"canonical":"https:\/\/www.laboratoireslelegard.com\/it\/2025\/04\/29\/regolamento-2023-2055-microplastiche\/","og_locale":"it_IT","og_type":"article","og_title":"R\u00e8glement Microplastiques","og_description":"Les microplastiques, ces particules minuscules mais persistantes, sont au c\u0153ur des pr\u00e9occupations environnementales et sanitaires. Utilis\u00e9s dans les produits cosm\u00e9tiques pour leurs propri\u00e9t\u00e9s fonctionnelles, ils sont aujourd\u2019hui cibl\u00e9s par une r\u00e9glementation europ\u00e9enne ambitieuse visant \u00e0 limiter leur dispersion dans l\u2019environnement.","og_url":"https:\/\/www.laboratoireslelegard.com\/it\/2025\/04\/29\/regolamento-2023-2055-microplastiche\/","og_site_name":"Laboratoires Lel\u00e9gard","article_published_time":"2025-04-29T13:36:09+00:00","og_image":[{"width":1024,"height":709,"url":"https:\/\/www.laboratoireslelegard.com\/wp-content\/uploads\/2025\/04\/Drapeau-microplastiques-1024x709.png","type":"image\/png"}],"author":"Elo\u00efse Dumery","twitter_card":"summary_large_image","twitter_misc":{"Scritto da":"Elo\u00efse Dumery","Tempo di lettura stimato":"9 minuti"},"schema":{"@context":"https:\/\/schema.org","@graph":[{"@type":"Article","@id":"https:\/\/www.laboratoireslelegard.com\/2025\/04\/29\/reglement-2023-2055-microplastiques\/#article","isPartOf":{"@id":"https:\/\/www.laboratoireslelegard.com\/2025\/04\/29\/reglement-2023-2055-microplastiques\/"},"author":{"name":"Elo\u00efse Dumery","@id":"https:\/\/www.laboratoireslelegard.com\/#\/schema\/person\/28dfff0b95db949da37d5b6a4e9b8f96"},"headline":"R\u00e8glement Microplastiques","datePublished":"2025-04-29T13:36:09+00:00","mainEntityOfPage":{"@id":"https:\/\/www.laboratoireslelegard.com\/2025\/04\/29\/reglement-2023-2055-microplastiques\/"},"wordCount":1712,"commentCount":0,"publisher":{"@id":"https:\/\/www.laboratoireslelegard.com\/#organization"},"image":{"@id":"https:\/\/www.laboratoireslelegard.com\/2025\/04\/29\/reglement-2023-2055-microplastiques\/#primaryimage"},"thumbnailUrl":"https:\/\/www.laboratoireslelegard.com\/wp-content\/uploads\/2025\/04\/Drapeau-microplastiques-scaled.png","articleSection":["R\u00e9glementation"],"inLanguage":"it-IT","potentialAction":[{"@type":"CommentAction","name":"Comment","target":["https:\/\/www.laboratoireslelegard.com\/2025\/04\/29\/reglement-2023-2055-microplastiques\/#respond"]}]},{"@type":"WebPage","@id":"https:\/\/www.laboratoireslelegard.com\/2025\/04\/29\/reglement-2023-2055-microplastiques\/","url":"https:\/\/www.laboratoireslelegard.com\/2025\/04\/29\/reglement-2023-2055-microplastiques\/","name":"Regolamento Microplastiche","isPartOf":{"@id":"https:\/\/www.laboratoireslelegard.com\/#website"},"primaryImageOfPage":{"@id":"https:\/\/www.laboratoireslelegard.com\/2025\/04\/29\/reglement-2023-2055-microplastiques\/#primaryimage"},"image":{"@id":"https:\/\/www.laboratoireslelegard.com\/2025\/04\/29\/reglement-2023-2055-microplastiques\/#primaryimage"},"thumbnailUrl":"https:\/\/www.laboratoireslelegard.com\/wp-content\/uploads\/2025\/04\/Drapeau-microplastiques-scaled.png","datePublished":"2025-04-29T13:36:09+00:00","description":"Le microplastiche, particelle minuscole ma persistenti, sono al centro delle preoccupazioni ambientali e sanitarie. Utilizzate nei prodotti cosmetici per le loro propriet\u00e0 funzionali, sono oggi oggetto di un'ambiziosa normativa europea volta a limitarne la dispersione nell'ambiente.","breadcrumb":{"@id":"https:\/\/www.laboratoireslelegard.com\/2025\/04\/29\/reglement-2023-2055-microplastiques\/#breadcrumb"},"inLanguage":"it-IT","potentialAction":[{"@type":"ReadAction","target":["https:\/\/www.laboratoireslelegard.com\/2025\/04\/29\/reglement-2023-2055-microplastiques\/"]}]},{"@type":"ImageObject","inLanguage":"it-IT","@id":"https:\/\/www.laboratoireslelegard.com\/2025\/04\/29\/reglement-2023-2055-microplastiques\/#primaryimage","url":"https:\/\/www.laboratoireslelegard.com\/wp-content\/uploads\/2025\/04\/Drapeau-microplastiques-scaled.png","contentUrl":"https:\/\/www.laboratoireslelegard.com\/wp-content\/uploads\/2025\/04\/Drapeau-microplastiques-scaled.png","width":2560,"height":1773},{"@type":"BreadcrumbList","@id":"https:\/\/www.laboratoireslelegard.com\/2025\/04\/29\/reglement-2023-2055-microplastiques\/#breadcrumb","itemListElement":[{"@type":"ListItem","position":1,"name":"Accueil","item":"https:\/\/www.laboratoireslelegard.com\/"},{"@type":"ListItem","position":2,"name":"R\u00e8glement Microplastiques"}]},{"@type":"WebSite","@id":"https:\/\/www.laboratoireslelegard.com\/#website","url":"https:\/\/www.laboratoireslelegard.com\/","name":"Laboratori Lel\u00e9gard","description":"SERVIZIO DI REGOLAMENTAZIONE E TOSSICOLOGIA","publisher":{"@id":"https:\/\/www.laboratoireslelegard.com\/#organization"},"potentialAction":[{"@type":"SearchAction","target":{"@type":"EntryPoint","urlTemplate":"https:\/\/www.laboratoireslelegard.com\/?s={search_term_string}"},"query-input":{"@type":"PropertyValueSpecification","valueRequired":true,"valueName":"search_term_string"}}],"inLanguage":"it-IT"},{"@type":"Organization","@id":"https:\/\/www.laboratoireslelegard.com\/#organization","name":"Laboratori Lel\u00e9gard","url":"https:\/\/www.laboratoireslelegard.com\/","logo":{"@type":"ImageObject","inLanguage":"it-IT","@id":"https:\/\/www.laboratoireslelegard.com\/#\/schema\/logo\/image\/","url":"https:\/\/www.laboratoireslelegard.com\/wp-content\/uploads\/2022\/10\/labolelegard.svg","contentUrl":"https:\/\/www.laboratoireslelegard.com\/wp-content\/uploads\/2022\/10\/labolelegard.svg","width":515,"height":116,"caption":"Laboratoires Lel\u00e9gard"},"image":{"@id":"https:\/\/www.laboratoireslelegard.com\/#\/schema\/logo\/image\/"}},{"@type":"Person","@id":"https:\/\/www.laboratoireslelegard.com\/#\/schema\/person\/28dfff0b95db949da37d5b6a4e9b8f96","name":"Elo\u00efse Dumery","image":{"@type":"ImageObject","inLanguage":"it-IT","@id":"https:\/\/www.laboratoireslelegard.com\/#\/schema\/person\/image\/","url":"https:\/\/secure.gravatar.com\/avatar\/7ede11b36b077b028cff9a1c897dbcc4589cf7cb02bbc7a79de1dd60cef779e3?s=96&d=mm&r=g","contentUrl":"https:\/\/secure.gravatar.com\/avatar\/7ede11b36b077b028cff9a1c897dbcc4589cf7cb02bbc7a79de1dd60cef779e3?s=96&d=mm&r=g","caption":"Elo\u00efse Dumery"},"url":"https:\/\/www.laboratoireslelegard.com\/it\/author\/dumery\/"}]}},"_links":{"self":[{"href":"https:\/\/www.laboratoireslelegard.com\/it\/wp-json\/wp\/v2\/posts\/1698","targetHints":{"allow":["GET"]}}],"collection":[{"href":"https:\/\/www.laboratoireslelegard.com\/it\/wp-json\/wp\/v2\/posts"}],"about":[{"href":"https:\/\/www.laboratoireslelegard.com\/it\/wp-json\/wp\/v2\/types\/post"}],"author":[{"embeddable":true,"href":"https:\/\/www.laboratoireslelegard.com\/it\/wp-json\/wp\/v2\/users\/7"}],"replies":[{"embeddable":true,"href":"https:\/\/www.laboratoireslelegard.com\/it\/wp-json\/wp\/v2\/comments?post=1698"}],"version-history":[{"count":8,"href":"https:\/\/www.laboratoireslelegard.com\/it\/wp-json\/wp\/v2\/posts\/1698\/revisions"}],"predecessor-version":[{"id":1711,"href":"https:\/\/www.laboratoireslelegard.com\/it\/wp-json\/wp\/v2\/posts\/1698\/revisions\/1711"}],"wp:featuredmedia":[{"embeddable":true,"href":"https:\/\/www.laboratoireslelegard.com\/it\/wp-json\/wp\/v2\/media\/1699"}],"wp:attachment":[{"href":"https:\/\/www.laboratoireslelegard.com\/it\/wp-json\/wp\/v2\/media?parent=1698"}],"wp:term":[{"taxonomy":"category","embeddable":true,"href":"https:\/\/www.laboratoireslelegard.com\/it\/wp-json\/wp\/v2\/categories?post=1698"},{"taxonomy":"post_tag","embeddable":true,"href":"https:\/\/www.laboratoireslelegard.com\/it\/wp-json\/wp\/v2\/tags?post=1698"}],"curies":[{"name":"wp","href":"https:\/\/api.w.org\/{rel}","templated":true}]}}