{"id":1698,"date":"2025-04-29T15:36:09","date_gmt":"2025-04-29T13:36:09","guid":{"rendered":"https:\/\/www.laboratoireslelegard.com\/?p=1698"},"modified":"2025-04-29T15:36:09","modified_gmt":"2025-04-29T13:36:09","slug":"reglamento-2023-2055-microplasticos","status":"publish","type":"post","link":"https:\/\/www.laboratoireslelegard.com\/es\/2025\/04\/29\/reglamento-2023-2055-microplasticos\/","title":{"rendered":"Reglamento sobre micropl\u00e1sticos"},"content":{"rendered":"<div data-elementor-type=\"wp-post\" data-elementor-id=\"1698\" class=\"elementor elementor-1698\" data-elementor-post-type=\"post\">\n\t\t\t\t\t\t<section class=\"elementor-section elementor-top-section elementor-element elementor-element-8d23ac4 elementor-section-boxed elementor-section-height-default elementor-section-height-default\" data-id=\"8d23ac4\" data-element_type=\"section\">\n\t\t\t\t\t\t<div class=\"elementor-container elementor-column-gap-default\">\n\t\t\t\t\t<div class=\"elementor-column elementor-col-100 elementor-top-column elementor-element elementor-element-cef40de\" data-id=\"cef40de\" data-element_type=\"column\">\n\t\t\t<div class=\"elementor-widget-wrap elementor-element-populated\">\n\t\t\t\t\t\t<div class=\"elementor-element elementor-element-36a928b elementor-widget__width-initial elementor-widget elementor-widget-text-editor\" data-id=\"36a928b\" data-element_type=\"widget\" data-widget_type=\"text-editor.default\">\n\t\t\t\t<div class=\"elementor-widget-container\">\n\t\t\t\t\t\t\t\t\t<h3>Reglamento sobre micropl\u00e1sticos: un punto de inflexi\u00f3n normativo para la industria cosm\u00e9tica en Europa<\/h3><h4>Los micropl\u00e1sticos, en el centro de las preocupaciones medioambientales y normativas<\/h4><p>Los micropl\u00e1sticos, esas part\u00edculas min\u00fasculas pero persistentes, son motivo de gran preocupaci\u00f3n. <br \/>medioambientales y sanitarias. Se utilizan en productos cosm\u00e9ticos por sus propiedades <br \/>funcionales (exfoliantes, film\u00f3genos o para mejorar la textura), hoy en d\u00eda se dirigen espec\u00edficamente <br \/>mediante una normativa europea ambiciosa destinada a limitar su dispersi\u00f3n en el medio ambiente.<\/p><p>Su acumulaci\u00f3n en los suelos, los medios acu\u00e1ticos e incluso en la cadena alimentaria es motivo de preocupaci\u00f3n. <br \/>cada vez m\u00e1s. Estudios recientes destacan sus efectos potencialmente nocivos sobre la fauna, as\u00ed como <br \/>los riesgos emergentes para la salud humana.<\/p><p>Ante estos retos, la Uni\u00f3n Europea ha puesto en marcha una respuesta estructurada. Si bien algunos Estados miembros <br \/>Ya se hab\u00edan tomado medidas individuales, pero la Comisi\u00f3n Europea ha querido armonizar estas <br \/>iniciativas. Ha encargado a la Agencia Europea de Sustancias y Mezclas Qu\u00edmicas (ECHA) que proponga una <br \/>restricci\u00f3n basada en datos cient\u00edficos s\u00f3lidos. El Reglamento (UE) 2023\/2055 es el <br \/>resultado.<\/p><h4>\u00c1mbito de aplicaci\u00f3n y definici\u00f3n de micropl\u00e1sticos<\/h4><p>La ECHA define un micropl\u00e1stico como una part\u00edcula de tama\u00f1o inferior o igual a 5 mm, que contiene un pol\u00edmero s\u00f3lido, con o sin aditivos.<\/p><p>Sobre esta base, el Reglamento (UE) 2023\/2055 restringe el uso intencionado de micropart\u00edculas. <br \/>de pol\u00edmeros sint\u00e9ticos (MPS) en los productos comercializados en Europa, por encima de un umbral de <br \/>concentraci\u00f3n de 0,01 % en masa. Esta restricci\u00f3n entr\u00f3 en vigor el 17 de octubre. <br \/>2023 tras la publicaci\u00f3n del reglamento.<\/p><p>La definici\u00f3n reglamentaria de los micropl\u00e1sticos se basa en varios criterios: tama\u00f1o de las part\u00edculas, <br \/>porcentaje m\u00e1sico, naturaleza del pol\u00edmero. De hecho, un pol\u00edmero se considera un MPS si cumple acumulativamente estas tres condiciones:<\/p><p><strong>1. Los pol\u00edmeros deben ser a la vez:<\/strong><\/p><ul><li>S\u00f3lidos; y\u00a0<\/li><li>\u00a0Ya sean pol\u00edmeros sint\u00e9ticos o pol\u00edmeros naturales modificados qu\u00edmicamente; y<\/li><li>Org\u00e1nicos (es decir, que contienen \u00e1tomos de carbono en cualquier parte de su estructura), <br \/>y<\/li><li>No degradables, cuando se someten a ensayo de conformidad con el ap\u00e9ndice 15 del anexo XVII de <br \/>REACH; y<\/li><li>\u00abInsolubles\u00bb, es decir, que no presentan una solubilidad superior a 2 g\/L cuando se <br \/>Se someten a ensayo de conformidad con el ap\u00e9ndice 16 del anexo XVII del Reglamento REACH.<\/li><\/ul><p><strong>2. Los pol\u00edmeros deben cumplir uno de los dos criterios siguientes:<\/strong><\/p><ul><li>Estar presentes en part\u00edculas en una concentraci\u00f3n superior o igual a 1 % en peso. <br \/>(es decir, el peso del pol\u00edmero o pol\u00edmeros representa entre 1 % y 100 % del peso total de <br \/>la part\u00edcula que los contiene); o<\/li><li>Formar un recubrimiento continuo alrededor de part\u00edculas (incluidas aquellas con n\u00facleo l\u00edquido, como <br \/>las ves\u00edculas). En este caso, no se aplica ning\u00fan l\u00edmite de concentraci\u00f3n. El revestimiento debe <br \/>ser continuo, es decir, no puede estar constituido por zonas aisladas de pol\u00edmeros que no <br \/>no se toquen. Sin embargo, no es necesario que este revestimiento cubra por completo <br \/>La superficie: se tolera la presencia de peque\u00f1os espacios en el revestimiento.<\/li><\/ul><p><strong>3. Al menos el 1 % en peso de las part\u00edculas que contienen o est\u00e1n recubiertas de pol\u00edmeros s\u00f3lidos deben <\/strong><br \/><strong>medir 5 mm o menos en todas sus dimensiones.<\/strong> Algunas part\u00edculas de pol\u00edmero <br \/>Las fibras sint\u00e9ticas tienen una longitud superior a 5 mm pero inferior a 15 mm. Al ser <br \/>Dado que estas part\u00edculas de tipo fibroso son muy persistentes y contribuyen al riesgo identificado, <br \/>El anexo XV consider\u00f3 que deb\u00edan incluirse en el \u00e1mbito de aplicaci\u00f3n de <br \/>la restricci\u00f3n.<\/p><p>Un pol\u00edmero (o una combinaci\u00f3n de pol\u00edmeros) que cumple las tres condiciones anteriores es un <br \/>MPS. Si no cumple una o varias de estas tres condiciones, no es una MPS y, por lo tanto, no es <br \/>afectado por la restricci\u00f3n.<\/p><p>De hecho, algunas sustancias est\u00e1n excluidas de esta definici\u00f3n, en particular los pol\u00edmeros solubles o <br \/>biodegradables, o bien est\u00e1n sujetos a exenciones previstas en casos espec\u00edficos:<\/p><ul><li>Los MPS utilizados exclusivamente en instalaciones industriales; ;<\/li><li>Los MPS utilizados en contextos espec\u00edficos cubiertos por otros reglamentos, tales como <br \/>en medicamentos, fertilizantes, dispositivos m\u00e9dicos o incluso en <br \/>aditivos alimentarios, entre otros; ;<\/li><li>Los MPS encapsulados de manera que no se liberen al medio ambiente; ;<\/li><li>Aquellos cuyas propiedades se alteran de forma permanente antes de que finalice la vida \u00fatil del producto. ;<\/li><li>Los que est\u00e1n integrados de forma irreversible en una matriz s\u00f3lida.<\/li><\/ul><p><img fetchpriority=\"high\" decoding=\"async\" class=\"size-medium wp-image-1700 aligncenter\" src=\"https:\/\/www.laboratoireslelegard.com\/wp-content\/uploads\/2025\/04\/Capture-decran_23-4-2025_10459_-270x300.jpeg\" alt=\"\" width=\"270\" height=\"300\" srcset=\"https:\/\/www.laboratoireslelegard.com\/wp-content\/uploads\/2025\/04\/Capture-decran_23-4-2025_10459_-270x300.jpeg 270w, https:\/\/www.laboratoireslelegard.com\/wp-content\/uploads\/2025\/04\/Capture-decran_23-4-2025_10459_-768x853.jpeg 768w, https:\/\/www.laboratoireslelegard.com\/wp-content\/uploads\/2025\/04\/Capture-decran_23-4-2025_10459_-441x490.jpeg 441w, https:\/\/www.laboratoireslelegard.com\/wp-content\/uploads\/2025\/04\/Capture-decran_23-4-2025_10459_-600x666.jpeg 600w, https:\/\/www.laboratoireslelegard.com\/wp-content\/uploads\/2025\/04\/Capture-decran_23-4-2025_10459_-150x167.jpeg 150w, https:\/\/www.laboratoireslelegard.com\/wp-content\/uploads\/2025\/04\/Capture-decran_23-4-2025_10459_.jpeg 860w\" sizes=\"(max-width: 270px) 100vw, 270px\" \/><\/p><p><em><strong>Esquema de identificaci\u00f3n de MPS sujetos a restricciones seg\u00fan el Reglamento (UE) 2023\/2055 (Esquema extra\u00eddo de la gu\u00eda publicada <\/strong><\/em><em><strong>por la Comisi\u00f3n Europea \u2013 Gu\u00eda explicativa 2025)<\/strong><\/em><\/p><p>Este esquema de decisi\u00f3n gu\u00eda a los operadores en la evaluaci\u00f3n de la presencia y la posible restricci\u00f3n de las micropart\u00edculas de pol\u00edmeros sint\u00e9ticos (SPM) en las sustancias o mezclas comercializadas. Se basa en un enfoque de tres niveles (Tier 1 a Tier 3) que permite determinar:<\/p><ul><li>Si los pol\u00edmeros presentes cumplen la definici\u00f3n reglamentaria de SPM,<\/li><li>Si su concentraci\u00f3n supera el umbral reglamentario de 0,01 % en masa,<\/li><li>Y si se aplican restricciones.<\/li><\/ul><p>Las referencias a otras figuras o secciones del reglamento facilitan la interpretaci\u00f3n detallada de los criterios de evaluaci\u00f3n.<\/p><h4>Calendario de implementaci\u00f3n<\/h4><p>Con el fin de dar tiempo a la industria para adaptarse, se establecer\u00e1n per\u00edodos de transici\u00f3n diferenciados. <br \/>se han definido seg\u00fan las categor\u00edas de productos:<\/p><ul><li>Desde el 1 de julio de 2018: Prohibici\u00f3n de las microperlas en los productos que se aclaran.<\/li><li>De aqu\u00ed al 17 de octubre de 2027: Fin del periodo de transici\u00f3n para todos los productos enjuagables.<\/li><li>Hasta el 17 de octubre de 2029: Fin del per\u00edodo de transici\u00f3n para los productos sin enjuague y los <br \/>perfumes encapsulados.<\/li><li>Hasta el 17 de octubre de 2035: Fin del periodo de transici\u00f3n para los productos de maquillaje, los <br \/>productos para los labios y las u\u00f1as.<\/li><\/ul><p>Algunos usos espec\u00edficos, como los perfumes encapsulados o las purpurinas (compuestas de pl\u00e1stico y aluminio), se benefician de plazos ampliados, dada la ausencia de alternativas viables hasta la fecha.<\/p><h4>Responsabilidad de los actores y transparencia<\/h4><p>A partir del 17 de octubre de 2025, los proveedores de micropart\u00edculas de pol\u00edmeros sint\u00e9ticos destinadas a <br \/>que se vayan a utilizar en instalaciones industriales, deber\u00e1n proporcionar la siguiente informaci\u00f3n:<\/p><ul><li>Instrucciones de uso y eliminaci\u00f3n destinadas a los usuarios industriales posteriores, con el fin de <br \/>explicarles c\u00f3mo limitar los vertidos de micropart\u00edculas de pol\u00edmeros sint\u00e9ticos en <br \/>el medio ambiente; ;<\/li><li>La siguiente declaraci\u00f3n: \u00abLas micropart\u00edculas de pol\u00edmero sint\u00e9tico suministradas son <br \/>sujetas a las condiciones definidas en la entrada 78 del anexo XVII del Reglamento (CE) n.\u00ba 1907\/2006. <br \/>del Parlamento Europeo y del Consejo.\u00bb<\/li><li>Informaci\u00f3n sobre la cantidad o, si procede, la concentraci\u00f3n de micropart\u00edculas de <br \/>pol\u00edmeros sint\u00e9ticos presentes en la sustancia o mezcla; ;<\/li><li>Informaci\u00f3n gen\u00e9rica sobre la identidad de los pol\u00edmeros contenidos en la sustancia o el <br \/>mezcla, permitiendo a los fabricantes, usuarios industriales posteriores y otros <br \/>proveedores a cumplir con sus obligaciones.<\/li><\/ul><p>Adem\u00e1s, a partir del 17 de octubre de 2025, los proveedores de aditivos alimentarios que contengan MPS y <br \/>de productos en los que los MPS permanecen confinados (por ejemplo, en una matriz s\u00f3lida) deber\u00e1n todos <br \/>proporcionar instrucciones de uso y eliminaci\u00f3n destinadas a los usuarios profesionales y al <br \/>gran p\u00fablico, con el fin de evitar el vertido de micropart\u00edculas de pol\u00edmeros sint\u00e9ticos en <br \/>el medio ambiente.<\/p><p>Lo mismo se aplicar\u00e1 a partir del 17 de octubre de 2026 a los proveedores de dispositivos de diagn\u00f3stico in vitro.<\/p><p>Estas instrucciones deben estar disponibles en los idiomas oficiales de los pa\u00edses en los que se comercializan los productos. <br \/>comercializados y disponibles tambi\u00e9n en versi\u00f3n digital.<\/p><p>Entre el 17 de octubre de 2031 y el 16 de octubre de 2035, los productos para los labios, las u\u00f1as y el maquillaje. <br \/>deber\u00e1n llevar la siguiente indicaci\u00f3n: \u00abEste producto contiene micropl\u00e1sticos\u00bb, salvo los comercializados <br \/>antes de esa fecha.<\/p><h4>Obligaciones de notificaci\u00f3n para usos industriales exentos<\/h4><p>Para los usos industriales que se benefician de exenciones, se aplican obligaciones de notificaci\u00f3n espec\u00edficas. <br \/>introducidas. Deben proporcionar la siguiente informaci\u00f3n:<\/p><ul><li>Descripci\u00f3n de los usos en cuesti\u00f3n,<\/li><li>Identificaci\u00f3n de los pol\u00edmeros utilizados,<\/li><li>Cantidades estimadas de MPS liberadas al medio ambiente.<\/li><\/ul><p>Los agentes de la cadena de suministro sujetos a esta obligaci\u00f3n deber\u00e1n enviar a la ECHA, <br \/>antes del 31 de mayo de cada a\u00f1o, las emisiones estimadas de MPS relacionadas con el uso de estas sustancias <br \/>o productos.<\/p><p>Este requisito tiene por objeto evaluar la eficacia de las medidas de uso y eliminaci\u00f3n establecidas para <br \/>los usos excepcionales, as\u00ed como la restricci\u00f3n en su conjunto. Los datos recopilados ser\u00e1n <br \/>centralizadas por la ECHA y, a continuaci\u00f3n, transmitidas a los Estados miembros y a la Comisi\u00f3n Europea, con el fin de <br \/>identificar:<\/p><ul><li>Usos que requieren una gesti\u00f3n de riesgos reforzada; ;<\/li><li>Aquellos para los que las emisiones disminuyen significativamente con el tiempo.<\/li><\/ul><h4>Un paso decisivo hacia una industria m\u00e1s sostenible<\/h4><p>La prohibici\u00f3n progresiva de los micropl\u00e1sticos intencionales marca un hito importante en la pol\u00edtica medioambiental de la Uni\u00f3n Europea. Obliga a la industria cosm\u00e9tica a adaptar sus pr\u00e1cticas, desarrollar alternativas m\u00e1s sostenibles y reforzar la transparencia hacia los <br \/>consumidores.<\/p><h4>\u00bfY qu\u00e9 hay de los laboratorios Lel\u00e9gard en todo esto?<\/h4><p>En Laboratorios Lel\u00e9gard, hacemos de la conformidad una palanca de diferenciaci\u00f3n. Nuestro equipo <br \/>Un equipo de expertos le acompa\u00f1a en cada etapa para anticipar e integrar con tranquilidad los requisitos del <br \/>Reglamento (UE) 2023\/2055: an\u00e1lisis de sus f\u00f3rmulas, identificaci\u00f3n de las sustancias afectadas, <br \/>evaluaci\u00f3n de exenciones, menciones en el etiquetado, presentaci\u00f3n de informes a la ECHA...<\/p><p>\u00bfNuestro objetivo? Que convierta esta restricci\u00f3n normativa en <strong>oportunidad de innovaci\u00f3n, <\/strong><br \/><strong>de transparencia y valorizaci\u00f3n<\/strong> de sus compromisos medioambientales.<\/p><p>\u00a0 \u00a0 \u00a0 \u00a0 \u00a0 \u00a0 \u00a0 \u00a0 \u00a0 \u00a0 \u00a0 \u00a0 \u00a0 \u00a0 \u00a0 \u00a0 \u00a0 \u00a0 \u00a0 \u00a0 \u00a0 \u00a0 \u00a0 \u00a0 \u00a0 \u00a0 \u00a0 \u00a0 \u00a0 \u00a0 \u00a0 \u00a0 \u00a0 \u00a0 \u00a0 \u00a0 Ahorre tiempo, <br \/>\u00a0 \u00a0 \u00a0 \u00a0 \u00a0 \u00a0 \u00a0 \u00a0 \u00a0 \u00a0 \u00a0 \u00a0 \u00a0 \u00a0 \u00a0 \u00a0 \u00a0 \u00a0 \u00a0 \u00a0 \u00a0 \u00a0 \u00a0 \u00a0 \u00a0 \u00a0 \u00a0 \u00a0 \u00a0 \u00a0 Asegure el lanzamiento de sus productos., <br \/>\u00a0 \u00a0 \u00a0 \u00a0 \u00a0 \u00a0 \u00a0 \u00a0 \u00a0 \u00a0 \u00a0 \u00a0 \u00a0 \u00a0 \u00a0 \u00a0 \u00a0 \u00a0Y haga del cumplimiento una <strong>una ventaja estrat\u00e9gica para su marca.<\/strong><\/p>\t\t\t\t\t\t\t\t<\/div>\n\t\t\t\t<\/div>\n\t\t\t\t\t<\/div>\n\t\t<\/div>\n\t\t\t\t\t<\/div>\n\t\t<\/section>\n\t\t\t\t<\/div>","protected":false},"excerpt":{"rendered":"<p>Reglamento sobre micropl\u00e1sticos: un punto de inflexi\u00f3n normativo para la industria cosm\u00e9tica en Europa Los micropl\u00e1sticos, en el centro de las preocupaciones medioambientales y normativas Los micropl\u00e1sticos, esas part\u00edculas min\u00fasculas pero persistentes, est\u00e1n en el centro de las preocupaciones medioambientales y sanitarias. Utilizados en productos cosm\u00e9ticos por sus propiedades funcionales (exfoliantes, film\u00f3genas o para mejorar la textura), hoy en d\u00eda son [\u2026]<\/p>","protected":false},"author":7,"featured_media":1699,"comment_status":"open","ping_status":"open","sticky":false,"template":"","format":"standard","meta":{"_acf_changed":false,"footnotes":""},"categories":[124],"tags":[],"class_list":["post-1698","post","type-post","status-publish","format-standard","has-post-thumbnail","hentry","category-reglementation"],"acf":[],"yoast_head":"<!-- This site is optimized with the Yoast SEO plugin v24.6 - https:\/\/yoast.com\/wordpress\/plugins\/seo\/ -->\n<title>R\u00e8glement Microplastiques<\/title>\n<meta name=\"description\" content=\"Les microplastiques, ces particules minuscules mais persistantes, sont au c\u0153ur des pr\u00e9occupations environnementales et sanitaires. Utilis\u00e9s dans les produits cosm\u00e9tiques pour leurs propri\u00e9t\u00e9s fonctionnelles, ils sont aujourd\u2019hui cibl\u00e9s par une r\u00e9glementation europ\u00e9enne ambitieuse visant \u00e0 limiter leur dispersion dans l\u2019environnement.\" \/>\n<meta name=\"robots\" content=\"index, follow, max-snippet:-1, max-image-preview:large, max-video-preview:-1\" \/>\n<link rel=\"canonical\" href=\"https:\/\/www.laboratoireslelegard.com\/es\/2025\/04\/29\/reglamento-2023-2055-microplasticos\/\" \/>\n<meta property=\"og:locale\" content=\"es_ES\" \/>\n<meta property=\"og:type\" content=\"article\" \/>\n<meta property=\"og:title\" content=\"R\u00e8glement Microplastiques\" \/>\n<meta property=\"og:description\" content=\"Les microplastiques, ces particules minuscules mais persistantes, sont au c\u0153ur des pr\u00e9occupations environnementales et sanitaires. Utilis\u00e9s dans les produits cosm\u00e9tiques pour leurs propri\u00e9t\u00e9s fonctionnelles, ils sont aujourd\u2019hui cibl\u00e9s par une r\u00e9glementation europ\u00e9enne ambitieuse visant \u00e0 limiter leur dispersion dans l\u2019environnement.\" \/>\n<meta property=\"og:url\" content=\"https:\/\/www.laboratoireslelegard.com\/es\/2025\/04\/29\/reglamento-2023-2055-microplasticos\/\" \/>\n<meta property=\"og:site_name\" content=\"Laboratoires Lel\u00e9gard\" \/>\n<meta property=\"article:published_time\" content=\"2025-04-29T13:36:09+00:00\" \/>\n<meta property=\"og:image\" content=\"https:\/\/www.laboratoireslelegard.com\/wp-content\/uploads\/2025\/04\/Drapeau-microplastiques-1024x709.png\" \/>\n\t<meta property=\"og:image:width\" content=\"1024\" \/>\n\t<meta property=\"og:image:height\" content=\"709\" \/>\n\t<meta property=\"og:image:type\" content=\"image\/png\" \/>\n<meta name=\"author\" content=\"Elo\u00efse Dumery\" \/>\n<meta name=\"twitter:card\" content=\"summary_large_image\" \/>\n<meta name=\"twitter:label1\" content=\"Escrito por\" \/>\n\t<meta name=\"twitter:data1\" content=\"Elo\u00efse Dumery\" \/>\n\t<meta name=\"twitter:label2\" content=\"Tiempo de lectura\" \/>\n\t<meta name=\"twitter:data2\" content=\"9 minutos\" \/>\n<script type=\"application\/ld+json\" class=\"yoast-schema-graph\">{\"@context\":\"https:\/\/schema.org\",\"@graph\":[{\"@type\":\"Article\",\"@id\":\"https:\/\/www.laboratoireslelegard.com\/2025\/04\/29\/reglement-2023-2055-microplastiques\/#article\",\"isPartOf\":{\"@id\":\"https:\/\/www.laboratoireslelegard.com\/2025\/04\/29\/reglement-2023-2055-microplastiques\/\"},\"author\":{\"name\":\"Elo\u00efse Dumery\",\"@id\":\"https:\/\/www.laboratoireslelegard.com\/#\/schema\/person\/28dfff0b95db949da37d5b6a4e9b8f96\"},\"headline\":\"R\u00e8glement Microplastiques\",\"datePublished\":\"2025-04-29T13:36:09+00:00\",\"mainEntityOfPage\":{\"@id\":\"https:\/\/www.laboratoireslelegard.com\/2025\/04\/29\/reglement-2023-2055-microplastiques\/\"},\"wordCount\":1712,\"commentCount\":0,\"publisher\":{\"@id\":\"https:\/\/www.laboratoireslelegard.com\/#organization\"},\"image\":{\"@id\":\"https:\/\/www.laboratoireslelegard.com\/2025\/04\/29\/reglement-2023-2055-microplastiques\/#primaryimage\"},\"thumbnailUrl\":\"https:\/\/www.laboratoireslelegard.com\/wp-content\/uploads\/2025\/04\/Drapeau-microplastiques-scaled.png\",\"articleSection\":[\"R\u00e9glementation\"],\"inLanguage\":\"es\",\"potentialAction\":[{\"@type\":\"CommentAction\",\"name\":\"Comment\",\"target\":[\"https:\/\/www.laboratoireslelegard.com\/2025\/04\/29\/reglement-2023-2055-microplastiques\/#respond\"]}]},{\"@type\":\"WebPage\",\"@id\":\"https:\/\/www.laboratoireslelegard.com\/2025\/04\/29\/reglement-2023-2055-microplastiques\/\",\"url\":\"https:\/\/www.laboratoireslelegard.com\/2025\/04\/29\/reglement-2023-2055-microplastiques\/\",\"name\":\"R\u00e8glement Microplastiques\",\"isPartOf\":{\"@id\":\"https:\/\/www.laboratoireslelegard.com\/#website\"},\"primaryImageOfPage\":{\"@id\":\"https:\/\/www.laboratoireslelegard.com\/2025\/04\/29\/reglement-2023-2055-microplastiques\/#primaryimage\"},\"image\":{\"@id\":\"https:\/\/www.laboratoireslelegard.com\/2025\/04\/29\/reglement-2023-2055-microplastiques\/#primaryimage\"},\"thumbnailUrl\":\"https:\/\/www.laboratoireslelegard.com\/wp-content\/uploads\/2025\/04\/Drapeau-microplastiques-scaled.png\",\"datePublished\":\"2025-04-29T13:36:09+00:00\",\"description\":\"Les microplastiques, ces particules minuscules mais persistantes, sont au c\u0153ur des pr\u00e9occupations environnementales et sanitaires. Utilis\u00e9s dans les produits cosm\u00e9tiques pour leurs propri\u00e9t\u00e9s fonctionnelles, ils sont aujourd\u2019hui cibl\u00e9s par une r\u00e9glementation europ\u00e9enne ambitieuse visant \u00e0 limiter leur dispersion dans l\u2019environnement.\",\"breadcrumb\":{\"@id\":\"https:\/\/www.laboratoireslelegard.com\/2025\/04\/29\/reglement-2023-2055-microplastiques\/#breadcrumb\"},\"inLanguage\":\"es\",\"potentialAction\":[{\"@type\":\"ReadAction\",\"target\":[\"https:\/\/www.laboratoireslelegard.com\/2025\/04\/29\/reglement-2023-2055-microplastiques\/\"]}]},{\"@type\":\"ImageObject\",\"inLanguage\":\"es\",\"@id\":\"https:\/\/www.laboratoireslelegard.com\/2025\/04\/29\/reglement-2023-2055-microplastiques\/#primaryimage\",\"url\":\"https:\/\/www.laboratoireslelegard.com\/wp-content\/uploads\/2025\/04\/Drapeau-microplastiques-scaled.png\",\"contentUrl\":\"https:\/\/www.laboratoireslelegard.com\/wp-content\/uploads\/2025\/04\/Drapeau-microplastiques-scaled.png\",\"width\":2560,\"height\":1773},{\"@type\":\"BreadcrumbList\",\"@id\":\"https:\/\/www.laboratoireslelegard.com\/2025\/04\/29\/reglement-2023-2055-microplastiques\/#breadcrumb\",\"itemListElement\":[{\"@type\":\"ListItem\",\"position\":1,\"name\":\"Accueil\",\"item\":\"https:\/\/www.laboratoireslelegard.com\/\"},{\"@type\":\"ListItem\",\"position\":2,\"name\":\"R\u00e8glement Microplastiques\"}]},{\"@type\":\"WebSite\",\"@id\":\"https:\/\/www.laboratoireslelegard.com\/#website\",\"url\":\"https:\/\/www.laboratoireslelegard.com\/\",\"name\":\"Laboratoires Lel\u00e9gard\",\"description\":\"SERVICE DE REGLEMENTATION ET TOXICOLOGIE\",\"publisher\":{\"@id\":\"https:\/\/www.laboratoireslelegard.com\/#organization\"},\"potentialAction\":[{\"@type\":\"SearchAction\",\"target\":{\"@type\":\"EntryPoint\",\"urlTemplate\":\"https:\/\/www.laboratoireslelegard.com\/?s={search_term_string}\"},\"query-input\":{\"@type\":\"PropertyValueSpecification\",\"valueRequired\":true,\"valueName\":\"search_term_string\"}}],\"inLanguage\":\"es\"},{\"@type\":\"Organization\",\"@id\":\"https:\/\/www.laboratoireslelegard.com\/#organization\",\"name\":\"Laboratoires Lel\u00e9gard\",\"url\":\"https:\/\/www.laboratoireslelegard.com\/\",\"logo\":{\"@type\":\"ImageObject\",\"inLanguage\":\"es\",\"@id\":\"https:\/\/www.laboratoireslelegard.com\/#\/schema\/logo\/image\/\",\"url\":\"https:\/\/www.laboratoireslelegard.com\/wp-content\/uploads\/2022\/10\/labolelegard.svg\",\"contentUrl\":\"https:\/\/www.laboratoireslelegard.com\/wp-content\/uploads\/2022\/10\/labolelegard.svg\",\"width\":515,\"height\":116,\"caption\":\"Laboratoires Lel\u00e9gard\"},\"image\":{\"@id\":\"https:\/\/www.laboratoireslelegard.com\/#\/schema\/logo\/image\/\"}},{\"@type\":\"Person\",\"@id\":\"https:\/\/www.laboratoireslelegard.com\/#\/schema\/person\/28dfff0b95db949da37d5b6a4e9b8f96\",\"name\":\"Elo\u00efse Dumery\",\"image\":{\"@type\":\"ImageObject\",\"inLanguage\":\"es\",\"@id\":\"https:\/\/www.laboratoireslelegard.com\/#\/schema\/person\/image\/\",\"url\":\"https:\/\/secure.gravatar.com\/avatar\/7ede11b36b077b028cff9a1c897dbcc4589cf7cb02bbc7a79de1dd60cef779e3?s=96&d=mm&r=g\",\"contentUrl\":\"https:\/\/secure.gravatar.com\/avatar\/7ede11b36b077b028cff9a1c897dbcc4589cf7cb02bbc7a79de1dd60cef779e3?s=96&d=mm&r=g\",\"caption\":\"Elo\u00efse Dumery\"},\"url\":\"https:\/\/www.laboratoireslelegard.com\/es\/author\/dumery\/\"}]}<\/script>\n<!-- \/ Yoast SEO plugin. -->","yoast_head_json":{"title":"Reglamento sobre micropl\u00e1sticos","description":"Los micropl\u00e1sticos, esas part\u00edculas min\u00fasculas pero persistentes, son motivo de gran preocupaci\u00f3n medioambiental y sanitaria. Utilizados en productos cosm\u00e9ticos por sus propiedades funcionales, hoy en d\u00eda son objeto de una ambiciosa normativa europea destinada a limitar su dispersi\u00f3n en el medio ambiente.","robots":{"index":"index","follow":"follow","max-snippet":"max-snippet:-1","max-image-preview":"max-image-preview:large","max-video-preview":"max-video-preview:-1"},"canonical":"https:\/\/www.laboratoireslelegard.com\/es\/2025\/04\/29\/reglamento-2023-2055-microplasticos\/","og_locale":"es_ES","og_type":"article","og_title":"R\u00e8glement Microplastiques","og_description":"Les microplastiques, ces particules minuscules mais persistantes, sont au c\u0153ur des pr\u00e9occupations environnementales et sanitaires. Utilis\u00e9s dans les produits cosm\u00e9tiques pour leurs propri\u00e9t\u00e9s fonctionnelles, ils sont aujourd\u2019hui cibl\u00e9s par une r\u00e9glementation europ\u00e9enne ambitieuse visant \u00e0 limiter leur dispersion dans l\u2019environnement.","og_url":"https:\/\/www.laboratoireslelegard.com\/es\/2025\/04\/29\/reglamento-2023-2055-microplasticos\/","og_site_name":"Laboratoires Lel\u00e9gard","article_published_time":"2025-04-29T13:36:09+00:00","og_image":[{"width":1024,"height":709,"url":"https:\/\/www.laboratoireslelegard.com\/wp-content\/uploads\/2025\/04\/Drapeau-microplastiques-1024x709.png","type":"image\/png"}],"author":"Elo\u00efse Dumery","twitter_card":"summary_large_image","twitter_misc":{"Escrito por":"Elo\u00efse Dumery","Tiempo de lectura":"9 minutos"},"schema":{"@context":"https:\/\/schema.org","@graph":[{"@type":"Article","@id":"https:\/\/www.laboratoireslelegard.com\/2025\/04\/29\/reglement-2023-2055-microplastiques\/#article","isPartOf":{"@id":"https:\/\/www.laboratoireslelegard.com\/2025\/04\/29\/reglement-2023-2055-microplastiques\/"},"author":{"name":"Elo\u00efse Dumery","@id":"https:\/\/www.laboratoireslelegard.com\/#\/schema\/person\/28dfff0b95db949da37d5b6a4e9b8f96"},"headline":"R\u00e8glement Microplastiques","datePublished":"2025-04-29T13:36:09+00:00","mainEntityOfPage":{"@id":"https:\/\/www.laboratoireslelegard.com\/2025\/04\/29\/reglement-2023-2055-microplastiques\/"},"wordCount":1712,"commentCount":0,"publisher":{"@id":"https:\/\/www.laboratoireslelegard.com\/#organization"},"image":{"@id":"https:\/\/www.laboratoireslelegard.com\/2025\/04\/29\/reglement-2023-2055-microplastiques\/#primaryimage"},"thumbnailUrl":"https:\/\/www.laboratoireslelegard.com\/wp-content\/uploads\/2025\/04\/Drapeau-microplastiques-scaled.png","articleSection":["R\u00e9glementation"],"inLanguage":"es","potentialAction":[{"@type":"CommentAction","name":"Comment","target":["https:\/\/www.laboratoireslelegard.com\/2025\/04\/29\/reglement-2023-2055-microplastiques\/#respond"]}]},{"@type":"WebPage","@id":"https:\/\/www.laboratoireslelegard.com\/2025\/04\/29\/reglement-2023-2055-microplastiques\/","url":"https:\/\/www.laboratoireslelegard.com\/2025\/04\/29\/reglement-2023-2055-microplastiques\/","name":"Reglamento sobre micropl\u00e1sticos","isPartOf":{"@id":"https:\/\/www.laboratoireslelegard.com\/#website"},"primaryImageOfPage":{"@id":"https:\/\/www.laboratoireslelegard.com\/2025\/04\/29\/reglement-2023-2055-microplastiques\/#primaryimage"},"image":{"@id":"https:\/\/www.laboratoireslelegard.com\/2025\/04\/29\/reglement-2023-2055-microplastiques\/#primaryimage"},"thumbnailUrl":"https:\/\/www.laboratoireslelegard.com\/wp-content\/uploads\/2025\/04\/Drapeau-microplastiques-scaled.png","datePublished":"2025-04-29T13:36:09+00:00","description":"Los micropl\u00e1sticos, esas part\u00edculas min\u00fasculas pero persistentes, son motivo de gran preocupaci\u00f3n medioambiental y sanitaria. Utilizados en productos cosm\u00e9ticos por sus propiedades funcionales, hoy en d\u00eda son objeto de una ambiciosa normativa europea destinada a limitar su dispersi\u00f3n en el medio ambiente.","breadcrumb":{"@id":"https:\/\/www.laboratoireslelegard.com\/2025\/04\/29\/reglement-2023-2055-microplastiques\/#breadcrumb"},"inLanguage":"es","potentialAction":[{"@type":"ReadAction","target":["https:\/\/www.laboratoireslelegard.com\/2025\/04\/29\/reglement-2023-2055-microplastiques\/"]}]},{"@type":"ImageObject","inLanguage":"es","@id":"https:\/\/www.laboratoireslelegard.com\/2025\/04\/29\/reglement-2023-2055-microplastiques\/#primaryimage","url":"https:\/\/www.laboratoireslelegard.com\/wp-content\/uploads\/2025\/04\/Drapeau-microplastiques-scaled.png","contentUrl":"https:\/\/www.laboratoireslelegard.com\/wp-content\/uploads\/2025\/04\/Drapeau-microplastiques-scaled.png","width":2560,"height":1773},{"@type":"BreadcrumbList","@id":"https:\/\/www.laboratoireslelegard.com\/2025\/04\/29\/reglement-2023-2055-microplastiques\/#breadcrumb","itemListElement":[{"@type":"ListItem","position":1,"name":"Accueil","item":"https:\/\/www.laboratoireslelegard.com\/"},{"@type":"ListItem","position":2,"name":"R\u00e8glement Microplastiques"}]},{"@type":"WebSite","@id":"https:\/\/www.laboratoireslelegard.com\/#website","url":"https:\/\/www.laboratoireslelegard.com\/","name":"Laboratorios Lel\u00e9gard","description":"SERVICIO DE REGULACI\u00d3N Y TOXICOLOG\u00cdA","publisher":{"@id":"https:\/\/www.laboratoireslelegard.com\/#organization"},"potentialAction":[{"@type":"SearchAction","target":{"@type":"EntryPoint","urlTemplate":"https:\/\/www.laboratoireslelegard.com\/?s={search_term_string}"},"query-input":{"@type":"PropertyValueSpecification","valueRequired":true,"valueName":"search_term_string"}}],"inLanguage":"es"},{"@type":"Organization","@id":"https:\/\/www.laboratoireslelegard.com\/#organization","name":"Laboratorios Lel\u00e9gard","url":"https:\/\/www.laboratoireslelegard.com\/","logo":{"@type":"ImageObject","inLanguage":"es","@id":"https:\/\/www.laboratoireslelegard.com\/#\/schema\/logo\/image\/","url":"https:\/\/www.laboratoireslelegard.com\/wp-content\/uploads\/2022\/10\/labolelegard.svg","contentUrl":"https:\/\/www.laboratoireslelegard.com\/wp-content\/uploads\/2022\/10\/labolelegard.svg","width":515,"height":116,"caption":"Laboratoires Lel\u00e9gard"},"image":{"@id":"https:\/\/www.laboratoireslelegard.com\/#\/schema\/logo\/image\/"}},{"@type":"Person","@id":"https:\/\/www.laboratoireslelegard.com\/#\/schema\/person\/28dfff0b95db949da37d5b6a4e9b8f96","name":"Elo\u00efse Dumery","image":{"@type":"ImageObject","inLanguage":"es","@id":"https:\/\/www.laboratoireslelegard.com\/#\/schema\/person\/image\/","url":"https:\/\/secure.gravatar.com\/avatar\/7ede11b36b077b028cff9a1c897dbcc4589cf7cb02bbc7a79de1dd60cef779e3?s=96&d=mm&r=g","contentUrl":"https:\/\/secure.gravatar.com\/avatar\/7ede11b36b077b028cff9a1c897dbcc4589cf7cb02bbc7a79de1dd60cef779e3?s=96&d=mm&r=g","caption":"Elo\u00efse Dumery"},"url":"https:\/\/www.laboratoireslelegard.com\/es\/author\/dumery\/"}]}},"_links":{"self":[{"href":"https:\/\/www.laboratoireslelegard.com\/es\/wp-json\/wp\/v2\/posts\/1698","targetHints":{"allow":["GET"]}}],"collection":[{"href":"https:\/\/www.laboratoireslelegard.com\/es\/wp-json\/wp\/v2\/posts"}],"about":[{"href":"https:\/\/www.laboratoireslelegard.com\/es\/wp-json\/wp\/v2\/types\/post"}],"author":[{"embeddable":true,"href":"https:\/\/www.laboratoireslelegard.com\/es\/wp-json\/wp\/v2\/users\/7"}],"replies":[{"embeddable":true,"href":"https:\/\/www.laboratoireslelegard.com\/es\/wp-json\/wp\/v2\/comments?post=1698"}],"version-history":[{"count":8,"href":"https:\/\/www.laboratoireslelegard.com\/es\/wp-json\/wp\/v2\/posts\/1698\/revisions"}],"predecessor-version":[{"id":1711,"href":"https:\/\/www.laboratoireslelegard.com\/es\/wp-json\/wp\/v2\/posts\/1698\/revisions\/1711"}],"wp:featuredmedia":[{"embeddable":true,"href":"https:\/\/www.laboratoireslelegard.com\/es\/wp-json\/wp\/v2\/media\/1699"}],"wp:attachment":[{"href":"https:\/\/www.laboratoireslelegard.com\/es\/wp-json\/wp\/v2\/media?parent=1698"}],"wp:term":[{"taxonomy":"category","embeddable":true,"href":"https:\/\/www.laboratoireslelegard.com\/es\/wp-json\/wp\/v2\/categories?post=1698"},{"taxonomy":"post_tag","embeddable":true,"href":"https:\/\/www.laboratoireslelegard.com\/es\/wp-json\/wp\/v2\/tags?post=1698"}],"curies":[{"name":"wp","href":"https:\/\/api.w.org\/{rel}","templated":true}]}}