{"id":1630,"date":"2025-03-17T16:59:36","date_gmt":"2025-03-17T15:59:36","guid":{"rendered":"https:\/\/www.laboratoireslelegard.com\/?p=1630"},"modified":"2025-03-24T15:46:47","modified_gmt":"2025-03-24T14:46:47","slug":"reglamento-2023-1115-normativa-deforestacion","status":"publish","type":"post","link":"https:\/\/www.laboratoireslelegard.com\/es\/2025\/03\/17\/reglamento-2023-1115-normativa-deforestacion\/","title":{"rendered":"Reglamento (UE) 2023\/1115 Normativa Deforestaci\u00f3n"},"content":{"rendered":"<div data-elementor-type=\"wp-post\" data-elementor-id=\"1630\" class=\"elementor elementor-1630\" data-elementor-post-type=\"post\">\n\t\t\t\t\t\t<section class=\"elementor-section elementor-top-section elementor-element elementor-element-1de35420 elementor-section-boxed elementor-section-height-default elementor-section-height-default\" data-id=\"1de35420\" data-element_type=\"section\">\n\t\t\t\t\t\t<div class=\"elementor-container elementor-column-gap-default\">\n\t\t\t\t\t<div class=\"elementor-column elementor-col-100 elementor-top-column elementor-element elementor-element-6fe85673\" data-id=\"6fe85673\" data-element_type=\"column\">\n\t\t\t<div class=\"elementor-widget-wrap elementor-element-populated\">\n\t\t\t\t\t\t<div class=\"elementor-element elementor-element-2d6cb065 elementor-widget elementor-widget-text-editor\" data-id=\"2d6cb065\" data-element_type=\"widget\" data-widget_type=\"text-editor.default\">\n\t\t\t\t<div class=\"elementor-widget-container\">\n\t\t\t\t\t\t\t\t\t<h3 class=\"docx_bodytext\"><span class=\"docx_strong\">Impacto de la implementaci\u00f3n del Reglamento sobre Deforestaci\u00f3n en la Industria Cosm\u00e9tica: un reto, pero tambi\u00e9n una oportunidad<\/span><\/h3><p class=\"docx_bodytext\">La Uni\u00f3n Europea ha dado un paso importante en la lucha contra la deforestaci\u00f3n importada al adoptar el <span class=\"docx_emphasis\">Reglamento europeo sobre productos libres de deforestaci\u00f3n (EUDR)<\/span>. Esta iniciativa tiene como objetivo transformar la forma en que las empresas interact\u00faan con las cadenas de suministro, imponiendo normas estrictas en materia de trazabilidad e impacto medioambiental de las materias primas. A partir del 30 de diciembre de 2025, las empresas deber\u00e1n cumplir con obligaciones progresivas, con un plazo adicional hasta el 30 de junio de 2026 para las peque\u00f1as y medianas empresas (pymes). Esta normativa se revisar\u00e1 peri\u00f3dicamente, cada cinco a\u00f1os a partir de 2028, lo que garantizar\u00e1 su adaptaci\u00f3n continua.<\/p><h4 class=\"docx_heading3\"><strong>El sector cosm\u00e9tico: un reto estrat\u00e9gico fundamental<\/strong><\/h4><p class=\"docx_bodytext\">La industria cosm\u00e9tica se ve especialmente afectada por este reglamento, ya que muchos ingredientes habituales, como el aceite de palma, el cacao y la soja, son fundamentales en la problem\u00e1tica de la deforestaci\u00f3n. Estas materias primas, a menudo relacionadas con la deforestaci\u00f3n, deber\u00e1n cumplir requisitos rigurosos para poder comercializarse en el mercado europeo o exportarse.<\/p><p class=\"docx_bodytext\"><span class=\"docx_strong\">Estos son los principales retos a los que se enfrentar\u00e1n las marcas de cosm\u00e9ticos:<\/span><\/p><ul><li class=\"docx_bodytext docx-num-1-0\"><strong><span class=\"docx_strong\">Trazabilidad reforzada:<\/span> <\/strong>Los datos geogr\u00e1ficos deben ser precisos, verificables y actualizarse constantemente.<\/li><li class=\"docx_bodytext docx-num-1-0\"><strong><span class=\"docx_strong\">Criterio \u201cCero Deforestaci\u00f3n\u201d:<\/span><\/strong> Ning\u00fan producto debe proceder de tierras deforestadas despu\u00e9s del 31 de diciembre de 2020. En el caso de los productos de origen forestal, la tala no debe provocar la degradaci\u00f3n de los bosques despu\u00e9s de esa fecha.<\/li><li class=\"docx_bodytext docx-num-1-0\"><strong><span class=\"docx_strong\">Cumplimiento de la legislaci\u00f3n local e internacional:<\/span><\/strong> Cumplimiento de las leyes del pa\u00eds de producci\u00f3n, as\u00ed como de las normas internacionales.<\/li><\/ul><h4 class=\"docx_heading3\"><strong>Una evaluaci\u00f3n comparativa de los pa\u00edses: \u00bfqui\u00e9nes est\u00e1n en riesgo?<\/strong><\/h4><p class=\"docx_bodytext\">A partir del 30 de junio de 2025, la Comisi\u00f3n Europea establecer\u00e1 una clasificaci\u00f3n de los pa\u00edses en funci\u00f3n del riesgo relacionado con la deforestaci\u00f3n. Se definir\u00e1n tres categor\u00edas: <span class=\"docx_strong\">alto, est\u00e1ndar o bajo<\/span>. Esta clasificaci\u00f3n se basar\u00e1 en tres criterios principales:<\/p><ul><li class=\"docx_bodytext docx-num-2-0\"><span class=\"docx_strong\">Tasa de deforestaci\u00f3n y degradaci\u00f3n forestal.<\/span><\/li><li class=\"docx_bodytext docx-num-2-0\"><span class=\"docx_strong\">Expansi\u00f3n de las tierras agr\u00edcolas para los productos en cuesti\u00f3n.<\/span><\/li><li class=\"docx_bodytext docx-num-2-0\"><span class=\"docx_strong\">Tendencias en la producci\u00f3n de materias primas.<\/span><\/li><\/ul><h4 class=\"docx_heading3\"><strong>Productos b\u00e1sicos y productos asociados: \u00bfqu\u00e9 requisitos deben cumplir?<\/strong><\/h4><div><img fetchpriority=\"high\" decoding=\"async\" class=\"aligncenter wp-image-1636 size-full\" src=\"https:\/\/www.laboratoireslelegard.com\/wp-content\/uploads\/2025\/03\/Capture-decran_18-3-2025_104026_drive.proton.me_.jpeg\" alt=\"\" width=\"766\" height=\"167\" srcset=\"https:\/\/www.laboratoireslelegard.com\/wp-content\/uploads\/2025\/03\/Capture-decran_18-3-2025_104026_drive.proton.me_.jpeg 766w, https:\/\/www.laboratoireslelegard.com\/wp-content\/uploads\/2025\/03\/Capture-decran_18-3-2025_104026_drive.proton.me_-300x65.jpeg 300w, https:\/\/www.laboratoireslelegard.com\/wp-content\/uploads\/2025\/03\/Capture-decran_18-3-2025_104026_drive.proton.me_-441x96.jpeg 441w, https:\/\/www.laboratoireslelegard.com\/wp-content\/uploads\/2025\/03\/Capture-decran_18-3-2025_104026_drive.proton.me_-600x131.jpeg 600w, https:\/\/www.laboratoireslelegard.com\/wp-content\/uploads\/2025\/03\/Capture-decran_18-3-2025_104026_drive.proton.me_-150x33.jpeg 150w\" sizes=\"(max-width: 766px) 100vw, 766px\" \/><img decoding=\"async\" class=\"aligncenter wp-image-1637 size-full\" src=\"https:\/\/www.laboratoireslelegard.com\/wp-content\/uploads\/2025\/03\/Capture-decran_18-3-2025_104939_drive.proton.me_.jpeg\" alt=\"\" width=\"766\" height=\"208\" srcset=\"https:\/\/www.laboratoireslelegard.com\/wp-content\/uploads\/2025\/03\/Capture-decran_18-3-2025_104939_drive.proton.me_.jpeg 766w, https:\/\/www.laboratoireslelegard.com\/wp-content\/uploads\/2025\/03\/Capture-decran_18-3-2025_104939_drive.proton.me_-300x81.jpeg 300w, https:\/\/www.laboratoireslelegard.com\/wp-content\/uploads\/2025\/03\/Capture-decran_18-3-2025_104939_drive.proton.me_-441x120.jpeg 441w, https:\/\/www.laboratoireslelegard.com\/wp-content\/uploads\/2025\/03\/Capture-decran_18-3-2025_104939_drive.proton.me_-600x163.jpeg 600w, https:\/\/www.laboratoireslelegard.com\/wp-content\/uploads\/2025\/03\/Capture-decran_18-3-2025_104939_drive.proton.me_-150x41.jpeg 150w\" sizes=\"(max-width: 766px) 100vw, 766px\" \/><\/div><p class=\"docx_bodytext\">Los productos afectados por el EUDR incluyen materias primas esenciales como el cacao, el caf\u00e9, el aceite de palma, el caucho, la soja y la madera. Todos los productos derivados de estas materias primas deber\u00e1n cumplir los siguientes requisitos:<\/p><ul><li class=\"docx_bodytext docx-num-3-0\"><span class=\"docx_strong\">Cero deforestaci\u00f3n.<\/span><\/li><li class=\"docx_bodytext docx-num-3-0\"><span class=\"docx_strong\">Cumplimiento de la legislaci\u00f3n del pa\u00eds de producci\u00f3n.<\/span><\/li><li class=\"docx_bodytext docx-num-3-0\"><span class=\"docx_strong\">Declaraci\u00f3n de diligencia razonable<\/span> que certifica la conformidad de los productos.<\/li><\/ul><h4 class=\"docx_heading3\"><strong>\u00bfA qui\u00e9n afecta el Reglamento EUDR?<\/strong><\/h4><p class=\"docx_heading3\">Los<strong>\u00a0<span class=\"docx_strong\">operadores<\/span>\u00a0<\/strong>(empresas que comercializan o exportan productos relacionados con la deforestaci\u00f3n) deber\u00e1n implantar un sistema de diligencia debida que garantice la trazabilidad y la legalidad de los productos. Estas empresas tambi\u00e9n deber\u00e1n publicar un informe anual sobre su cumplimiento.<\/p><p class=\"docx_bodytext\"><span class=\"docx_strong\">Los <\/span><strong><span class=\"docx_strong\">peque\u00f1as y medianas empresas (PYME)<\/span><\/strong> disfrutan de cierta flexibilidad. No tienen que aplicar la diligencia razonable, siempre que los productos ya hayan sido sometidos a este proceso por otros actores en fases anteriores.<\/p><p class=\"docx_bodytext\"><span class=\"docx_strong\">Los <strong>comerciantes<\/strong><\/span> tambi\u00e9n deber\u00e1n recopilar y conservar informaci\u00f3n detallada sobre sus proveedores durante 5 a\u00f1os, respetando al mismo tiempo las obligaciones de diligencia debida, en particular para aquellos que no sean pymes.<\/p><h4 class=\"docx_heading3\"><strong>Las etapas clave de la diligencia razonada<\/strong><\/h4><p><img decoding=\"async\" class=\"aligncenter wp-image-1638 size-full\" src=\"https:\/\/www.laboratoireslelegard.com\/wp-content\/uploads\/2025\/03\/Capture-decran_18-3-2025_10518_drive.proton.me_.jpeg\" alt=\"\" width=\"798\" height=\"422\" srcset=\"https:\/\/www.laboratoireslelegard.com\/wp-content\/uploads\/2025\/03\/Capture-decran_18-3-2025_10518_drive.proton.me_.jpeg 798w, https:\/\/www.laboratoireslelegard.com\/wp-content\/uploads\/2025\/03\/Capture-decran_18-3-2025_10518_drive.proton.me_-300x159.jpeg 300w, https:\/\/www.laboratoireslelegard.com\/wp-content\/uploads\/2025\/03\/Capture-decran_18-3-2025_10518_drive.proton.me_-768x406.jpeg 768w, https:\/\/www.laboratoireslelegard.com\/wp-content\/uploads\/2025\/03\/Capture-decran_18-3-2025_10518_drive.proton.me_-441x233.jpeg 441w, https:\/\/www.laboratoireslelegard.com\/wp-content\/uploads\/2025\/03\/Capture-decran_18-3-2025_10518_drive.proton.me_-600x317.jpeg 600w, https:\/\/www.laboratoireslelegard.com\/wp-content\/uploads\/2025\/03\/Capture-decran_18-3-2025_10518_drive.proton.me_-150x79.jpeg 150w\" sizes=\"(max-width: 798px) 100vw, 798px\" \/><\/p><p class=\"docx_normal\"><em>Esquema extra\u00eddo de la p\u00e1gina web oficial de los Ministerios de Ordenaci\u00f3n del Territorio y Transici\u00f3n Ecol\u00f3gica.<\/em><\/p><p class=\"docx_normal\"><a href=\"https:\/\/www.deforestationimportee.ecologie.gouv.fr\/reglement-europeen-contre-la-deforestation-et-la-degradation-des-forets\/article\/reglement-europeen-contre-la-deforestation-et-la-degradation-des-forets\"><span class=\"docx_hyperlink\">Reglamento europeo contra la deforestaci\u00f3n y la degradaci\u00f3n forestal \u2013 Estrategia nacional de lucha contra la deforestaci\u00f3n importada<\/span><\/a><\/p><p class=\"docx_bodytext\">El establecimiento de un sistema de diligencia debida es fundamental para garantizar que los productos comercializados sean legales y no contribuyan a la deforestaci\u00f3n. Este proceso incluye medidas espec\u00edficas destinadas a garantizar el cumplimiento de la legislaci\u00f3n y minimizar los riesgos medioambientales.<\/p><p><img loading=\"lazy\" decoding=\"async\" class=\"aligncenter wp-image-1639 size-full\" src=\"https:\/\/www.laboratoireslelegard.com\/wp-content\/uploads\/2025\/03\/Capture-decran_18-3-2025_105226_drive.proton.me_.jpeg\" alt=\"\" width=\"798\" height=\"711\" srcset=\"https:\/\/www.laboratoireslelegard.com\/wp-content\/uploads\/2025\/03\/Capture-decran_18-3-2025_105226_drive.proton.me_.jpeg 798w, https:\/\/www.laboratoireslelegard.com\/wp-content\/uploads\/2025\/03\/Capture-decran_18-3-2025_105226_drive.proton.me_-300x267.jpeg 300w, https:\/\/www.laboratoireslelegard.com\/wp-content\/uploads\/2025\/03\/Capture-decran_18-3-2025_105226_drive.proton.me_-768x684.jpeg 768w, https:\/\/www.laboratoireslelegard.com\/wp-content\/uploads\/2025\/03\/Capture-decran_18-3-2025_105226_drive.proton.me_-441x393.jpeg 441w, https:\/\/www.laboratoireslelegard.com\/wp-content\/uploads\/2025\/03\/Capture-decran_18-3-2025_105226_drive.proton.me_-600x535.jpeg 600w, https:\/\/www.laboratoireslelegard.com\/wp-content\/uploads\/2025\/03\/Capture-decran_18-3-2025_105226_drive.proton.me_-150x134.jpeg 150w\" sizes=\"(max-width: 798px) 100vw, 798px\" \/><em>Anexo II del REGLAMENTO (UE) 2023\/1115 DEL PARLAMENTO EUROPEO Y DEL CONSEJO, de 31 de mayo de 2023, relativo a la comercializaci\u00f3n en el mercado de la Uni\u00f3n y a la exportaci\u00f3n desde la Uni\u00f3n de determinados productos b\u00e1sicos y productos asociados a la deforestaci\u00f3n y la degradaci\u00f3n forestal, y por el que se deroga el Reglamento (UE) n.\u00ba 995\/2010 (Texto pertinente a efectos del EEE)<\/em><\/p><h4 class=\"docx_heading3\"><strong>Sanciones severas en caso de incumplimiento<\/strong><\/h4><p class=\"docx_bodytext\">El incumplimiento de estas nuevas obligaciones expone a las empresas a sanciones severas, tales como:<\/p><ul><li class=\"docx_bodytext docx-num-4-0\"><span class=\"docx_strong\">Multas sustanciales<\/span>, proporcionales a la gravedad de las infracciones.<\/li><li class=\"docx_bodytext docx-num-4-0\"><span class=\"docx_strong\">Confiscaci\u00f3n de productos y ganancias<\/span>.<\/li><li class=\"docx_bodytext docx-num-4-0\"><span class=\"docx_strong\">Exclusi\u00f3n temporal de los contratos p\u00fablicos<\/span>.<\/li><li class=\"docx_bodytext docx-num-4-0\"><span class=\"docx_strong\">Da\u00f1o a la reputaci\u00f3n<\/span>, con el riesgo de que los consumidores pierdan la confianza.<\/li><\/ul><p class=\"docx_bodytext\"><strong><span class=\"docx_strong\">\u00a1Act\u00fae ahora para garantizar su conformidad y minimizar los riesgos!<\/span><\/strong><\/p><p class=\"docx_bodytext\">La implementaci\u00f3n del EUDR representa una oportunidad real para que las empresas responsables se posicionen como l\u00edderes en la transici\u00f3n hacia pr\u00e1cticas sostenibles. Tambi\u00e9n supone un reto para aquellas que tardan en adaptarse, ya que se arriesgan tanto a sanciones legales como a una p\u00e9rdida de credibilidad en el mercado.<\/p><p class=\"docx_bodytext\"><strong><span class=\"docx_strong\">\u00bfEs usted una empresa cosm\u00e9tica y desea obtener m\u00e1s informaci\u00f3n sobre el cumplimiento del Reglamento EUDR?<\/span><\/strong><\/p><p class=\"docx_bodytext\">Nuestros expertos est\u00e1n a su disposici\u00f3n para ayudarle a evaluar su cadena de suministro, implementar las soluciones necesarias y garantizar su cumplimiento antes de las fechas l\u00edmite clave de 2025 y 2026. \u00a1P\u00f3ngase en contacto con nosotros hoy mismo para hablar sobre las medidas concretas que se deben adoptar!<\/p>\t\t\t\t\t\t\t\t<\/div>\n\t\t\t\t<\/div>\n\t\t\t\t\t<\/div>\n\t\t<\/div>\n\t\t\t\t\t<\/div>\n\t\t<\/section>\n\t\t\t\t<\/div>","protected":false},"excerpt":{"rendered":"<p>Impacto de la implementaci\u00f3n del Reglamento sobre la deforestaci\u00f3n en la industria cosm\u00e9tica: un reto, pero tambi\u00e9n una oportunidad La Uni\u00f3n Europea ha dado un paso importante en la lucha contra la deforestaci\u00f3n importada con la adopci\u00f3n del Reglamento Europeo sobre Productos Libres de Deforestaci\u00f3n (EUDR). Esta iniciativa tiene por objeto transformar la forma en que las empresas interact\u00faan con los [\u2026]<\/p>","protected":false},"author":2,"featured_media":1582,"comment_status":"open","ping_status":"open","sticky":false,"template":"","format":"standard","meta":{"_acf_changed":false,"footnotes":""},"categories":[124],"tags":[],"class_list":["post-1630","post","type-post","status-publish","format-standard","has-post-thumbnail","hentry","category-reglementation"],"acf":[],"yoast_head":"<!-- This site is optimized with the Yoast SEO plugin v24.6 - https:\/\/yoast.com\/wordpress\/plugins\/seo\/ -->\n<title>R\u00e8glement 2023\/1115 R\u00e8glementation D\u00e9forestation<\/title>\n<meta name=\"description\" content=\"Impact de l&#039;impl\u00e9mentation du R\u00e8glement D\u00e9forestation sur l&#039;Industrie Cosm\u00e9tique : Un D\u00e9fi, mais aussi une Opportunit\u00e9.\" \/>\n<meta name=\"robots\" content=\"index, follow, max-snippet:-1, max-image-preview:large, max-video-preview:-1\" \/>\n<link rel=\"canonical\" href=\"https:\/\/www.laboratoireslelegard.com\/es\/2025\/03\/17\/reglamento-2023-1115-normativa-deforestacion\/\" \/>\n<meta property=\"og:locale\" content=\"es_ES\" \/>\n<meta property=\"og:type\" content=\"article\" \/>\n<meta property=\"og:title\" content=\"R\u00e8glement 2023\/1115 R\u00e8glementation D\u00e9forestation\" \/>\n<meta property=\"og:description\" content=\"Impact de l&#039;impl\u00e9mentation du R\u00e8glement D\u00e9forestation sur l&#039;Industrie Cosm\u00e9tique : Un D\u00e9fi, mais aussi une Opportunit\u00e9.\" \/>\n<meta property=\"og:url\" content=\"https:\/\/www.laboratoireslelegard.com\/es\/2025\/03\/17\/reglamento-2023-1115-normativa-deforestacion\/\" \/>\n<meta property=\"og:site_name\" content=\"Laboratoires Lel\u00e9gard\" \/>\n<meta property=\"article:published_time\" content=\"2025-03-17T15:59:36+00:00\" \/>\n<meta property=\"article:modified_time\" content=\"2025-03-24T14:46:47+00:00\" \/>\n<meta property=\"og:image\" content=\"https:\/\/www.laboratoireslelegard.com\/wp-content\/uploads\/2025\/03\/Canva-reglement-1024x709.png\" \/>\n\t<meta property=\"og:image:width\" content=\"1024\" \/>\n\t<meta property=\"og:image:height\" content=\"709\" \/>\n\t<meta property=\"og:image:type\" content=\"image\/png\" \/>\n<meta name=\"author\" content=\"Lo\u00efc CHOSSIERE\" \/>\n<meta name=\"twitter:card\" content=\"summary_large_image\" \/>\n<meta name=\"twitter:label1\" content=\"Escrito por\" \/>\n\t<meta name=\"twitter:data1\" content=\"Lo\u00efc CHOSSIERE\" \/>\n\t<meta name=\"twitter:label2\" content=\"Tiempo de lectura\" \/>\n\t<meta name=\"twitter:data2\" content=\"6 minutos\" \/>\n<script type=\"application\/ld+json\" class=\"yoast-schema-graph\">{\"@context\":\"https:\/\/schema.org\",\"@graph\":[{\"@type\":\"Article\",\"@id\":\"https:\/\/www.laboratoireslelegard.com\/2025\/03\/17\/reglement-2023-1115-reglementation-deforestation\/#article\",\"isPartOf\":{\"@id\":\"https:\/\/www.laboratoireslelegard.com\/2025\/03\/17\/reglement-2023-1115-reglementation-deforestation\/\"},\"author\":{\"name\":\"Lo\u00efc CHOSSIERE\",\"@id\":\"https:\/\/www.laboratoireslelegard.com\/#\/schema\/person\/2fd5b214031849439255ae250ec66b73\"},\"headline\":\"R\u00e8glement (UE) 2023\/1115 R\u00e8glementation D\u00e9forestation\",\"datePublished\":\"2025-03-17T15:59:36+00:00\",\"dateModified\":\"2025-03-24T14:46:47+00:00\",\"mainEntityOfPage\":{\"@id\":\"https:\/\/www.laboratoireslelegard.com\/2025\/03\/17\/reglement-2023-1115-reglementation-deforestation\/\"},\"wordCount\":968,\"commentCount\":0,\"publisher\":{\"@id\":\"https:\/\/www.laboratoireslelegard.com\/#organization\"},\"image\":{\"@id\":\"https:\/\/www.laboratoireslelegard.com\/2025\/03\/17\/reglement-2023-1115-reglementation-deforestation\/#primaryimage\"},\"thumbnailUrl\":\"https:\/\/www.laboratoireslelegard.com\/wp-content\/uploads\/2025\/03\/Canva-reglement.png\",\"articleSection\":[\"R\u00e9glementation\"],\"inLanguage\":\"es\",\"potentialAction\":[{\"@type\":\"CommentAction\",\"name\":\"Comment\",\"target\":[\"https:\/\/www.laboratoireslelegard.com\/2025\/03\/17\/reglement-2023-1115-reglementation-deforestation\/#respond\"]}]},{\"@type\":\"WebPage\",\"@id\":\"https:\/\/www.laboratoireslelegard.com\/2025\/03\/17\/reglement-2023-1115-reglementation-deforestation\/\",\"url\":\"https:\/\/www.laboratoireslelegard.com\/2025\/03\/17\/reglement-2023-1115-reglementation-deforestation\/\",\"name\":\"R\u00e8glement 2023\/1115 R\u00e8glementation D\u00e9forestation\",\"isPartOf\":{\"@id\":\"https:\/\/www.laboratoireslelegard.com\/#website\"},\"primaryImageOfPage\":{\"@id\":\"https:\/\/www.laboratoireslelegard.com\/2025\/03\/17\/reglement-2023-1115-reglementation-deforestation\/#primaryimage\"},\"image\":{\"@id\":\"https:\/\/www.laboratoireslelegard.com\/2025\/03\/17\/reglement-2023-1115-reglementation-deforestation\/#primaryimage\"},\"thumbnailUrl\":\"https:\/\/www.laboratoireslelegard.com\/wp-content\/uploads\/2025\/03\/Canva-reglement.png\",\"datePublished\":\"2025-03-17T15:59:36+00:00\",\"dateModified\":\"2025-03-24T14:46:47+00:00\",\"description\":\"Impact de l'impl\u00e9mentation du R\u00e8glement D\u00e9forestation sur l'Industrie Cosm\u00e9tique : Un D\u00e9fi, mais aussi une Opportunit\u00e9.\",\"breadcrumb\":{\"@id\":\"https:\/\/www.laboratoireslelegard.com\/2025\/03\/17\/reglement-2023-1115-reglementation-deforestation\/#breadcrumb\"},\"inLanguage\":\"es\",\"potentialAction\":[{\"@type\":\"ReadAction\",\"target\":[\"https:\/\/www.laboratoireslelegard.com\/2025\/03\/17\/reglement-2023-1115-reglementation-deforestation\/\"]}]},{\"@type\":\"ImageObject\",\"inLanguage\":\"es\",\"@id\":\"https:\/\/www.laboratoireslelegard.com\/2025\/03\/17\/reglement-2023-1115-reglementation-deforestation\/#primaryimage\",\"url\":\"https:\/\/www.laboratoireslelegard.com\/wp-content\/uploads\/2025\/03\/Canva-reglement.png\",\"contentUrl\":\"https:\/\/www.laboratoireslelegard.com\/wp-content\/uploads\/2025\/03\/Canva-reglement.png\",\"width\":4913,\"height\":3401},{\"@type\":\"BreadcrumbList\",\"@id\":\"https:\/\/www.laboratoireslelegard.com\/2025\/03\/17\/reglement-2023-1115-reglementation-deforestation\/#breadcrumb\",\"itemListElement\":[{\"@type\":\"ListItem\",\"position\":1,\"name\":\"Accueil\",\"item\":\"https:\/\/www.laboratoireslelegard.com\/\"},{\"@type\":\"ListItem\",\"position\":2,\"name\":\"R\u00e8glement (UE) 2023\/1115 R\u00e8glementation D\u00e9forestation\"}]},{\"@type\":\"WebSite\",\"@id\":\"https:\/\/www.laboratoireslelegard.com\/#website\",\"url\":\"https:\/\/www.laboratoireslelegard.com\/\",\"name\":\"Laboratoires Lel\u00e9gard\",\"description\":\"SERVICE DE REGLEMENTATION ET TOXICOLOGIE\",\"publisher\":{\"@id\":\"https:\/\/www.laboratoireslelegard.com\/#organization\"},\"potentialAction\":[{\"@type\":\"SearchAction\",\"target\":{\"@type\":\"EntryPoint\",\"urlTemplate\":\"https:\/\/www.laboratoireslelegard.com\/?s={search_term_string}\"},\"query-input\":{\"@type\":\"PropertyValueSpecification\",\"valueRequired\":true,\"valueName\":\"search_term_string\"}}],\"inLanguage\":\"es\"},{\"@type\":\"Organization\",\"@id\":\"https:\/\/www.laboratoireslelegard.com\/#organization\",\"name\":\"Laboratoires Lel\u00e9gard\",\"url\":\"https:\/\/www.laboratoireslelegard.com\/\",\"logo\":{\"@type\":\"ImageObject\",\"inLanguage\":\"es\",\"@id\":\"https:\/\/www.laboratoireslelegard.com\/#\/schema\/logo\/image\/\",\"url\":\"https:\/\/www.laboratoireslelegard.com\/wp-content\/uploads\/2022\/10\/labolelegard.svg\",\"contentUrl\":\"https:\/\/www.laboratoireslelegard.com\/wp-content\/uploads\/2022\/10\/labolelegard.svg\",\"width\":515,\"height\":116,\"caption\":\"Laboratoires Lel\u00e9gard\"},\"image\":{\"@id\":\"https:\/\/www.laboratoireslelegard.com\/#\/schema\/logo\/image\/\"}},{\"@type\":\"Person\",\"@id\":\"https:\/\/www.laboratoireslelegard.com\/#\/schema\/person\/2fd5b214031849439255ae250ec66b73\",\"name\":\"Lo\u00efc CHOSSIERE\",\"image\":{\"@type\":\"ImageObject\",\"inLanguage\":\"es\",\"@id\":\"https:\/\/www.laboratoireslelegard.com\/#\/schema\/person\/image\/\",\"url\":\"https:\/\/secure.gravatar.com\/avatar\/68214a8294403ec06da5cfdbb6561192858cde55a3bb4b06732b38c21738dd69?s=96&d=mm&r=g\",\"contentUrl\":\"https:\/\/secure.gravatar.com\/avatar\/68214a8294403ec06da5cfdbb6561192858cde55a3bb4b06732b38c21738dd69?s=96&d=mm&r=g\",\"caption\":\"Lo\u00efc CHOSSIERE\"},\"sameAs\":[\"https:\/\/www.loicchossiere.fr\"],\"url\":\"https:\/\/www.laboratoireslelegard.com\/es\/author\/loicchossiere\/\"}]}<\/script>\n<!-- \/ Yoast SEO plugin. -->","yoast_head_json":{"title":"Reglamento 2023\/1115 Normativa Deforestaci\u00f3n","description":"Impacto de la implementaci\u00f3n del Reglamento sobre Deforestaci\u00f3n en la Industria Cosm\u00e9tica: un reto, pero tambi\u00e9n una oportunidad.","robots":{"index":"index","follow":"follow","max-snippet":"max-snippet:-1","max-image-preview":"max-image-preview:large","max-video-preview":"max-video-preview:-1"},"canonical":"https:\/\/www.laboratoireslelegard.com\/es\/2025\/03\/17\/reglamento-2023-1115-normativa-deforestacion\/","og_locale":"es_ES","og_type":"article","og_title":"R\u00e8glement 2023\/1115 R\u00e8glementation D\u00e9forestation","og_description":"Impact de l'impl\u00e9mentation du R\u00e8glement D\u00e9forestation sur l'Industrie Cosm\u00e9tique : Un D\u00e9fi, mais aussi une Opportunit\u00e9.","og_url":"https:\/\/www.laboratoireslelegard.com\/es\/2025\/03\/17\/reglamento-2023-1115-normativa-deforestacion\/","og_site_name":"Laboratoires Lel\u00e9gard","article_published_time":"2025-03-17T15:59:36+00:00","article_modified_time":"2025-03-24T14:46:47+00:00","og_image":[{"width":1024,"height":709,"url":"https:\/\/www.laboratoireslelegard.com\/wp-content\/uploads\/2025\/03\/Canva-reglement-1024x709.png","type":"image\/png"}],"author":"Lo\u00efc CHOSSIERE","twitter_card":"summary_large_image","twitter_misc":{"Escrito por":"Lo\u00efc CHOSSIERE","Tiempo de lectura":"6 minutos"},"schema":{"@context":"https:\/\/schema.org","@graph":[{"@type":"Article","@id":"https:\/\/www.laboratoireslelegard.com\/2025\/03\/17\/reglement-2023-1115-reglementation-deforestation\/#article","isPartOf":{"@id":"https:\/\/www.laboratoireslelegard.com\/2025\/03\/17\/reglement-2023-1115-reglementation-deforestation\/"},"author":{"name":"Lo\u00efc CHOSSIERE","@id":"https:\/\/www.laboratoireslelegard.com\/#\/schema\/person\/2fd5b214031849439255ae250ec66b73"},"headline":"R\u00e8glement (UE) 2023\/1115 R\u00e8glementation D\u00e9forestation","datePublished":"2025-03-17T15:59:36+00:00","dateModified":"2025-03-24T14:46:47+00:00","mainEntityOfPage":{"@id":"https:\/\/www.laboratoireslelegard.com\/2025\/03\/17\/reglement-2023-1115-reglementation-deforestation\/"},"wordCount":968,"commentCount":0,"publisher":{"@id":"https:\/\/www.laboratoireslelegard.com\/#organization"},"image":{"@id":"https:\/\/www.laboratoireslelegard.com\/2025\/03\/17\/reglement-2023-1115-reglementation-deforestation\/#primaryimage"},"thumbnailUrl":"https:\/\/www.laboratoireslelegard.com\/wp-content\/uploads\/2025\/03\/Canva-reglement.png","articleSection":["R\u00e9glementation"],"inLanguage":"es","potentialAction":[{"@type":"CommentAction","name":"Comment","target":["https:\/\/www.laboratoireslelegard.com\/2025\/03\/17\/reglement-2023-1115-reglementation-deforestation\/#respond"]}]},{"@type":"WebPage","@id":"https:\/\/www.laboratoireslelegard.com\/2025\/03\/17\/reglement-2023-1115-reglementation-deforestation\/","url":"https:\/\/www.laboratoireslelegard.com\/2025\/03\/17\/reglement-2023-1115-reglementation-deforestation\/","name":"Reglamento 2023\/1115 Normativa Deforestaci\u00f3n","isPartOf":{"@id":"https:\/\/www.laboratoireslelegard.com\/#website"},"primaryImageOfPage":{"@id":"https:\/\/www.laboratoireslelegard.com\/2025\/03\/17\/reglement-2023-1115-reglementation-deforestation\/#primaryimage"},"image":{"@id":"https:\/\/www.laboratoireslelegard.com\/2025\/03\/17\/reglement-2023-1115-reglementation-deforestation\/#primaryimage"},"thumbnailUrl":"https:\/\/www.laboratoireslelegard.com\/wp-content\/uploads\/2025\/03\/Canva-reglement.png","datePublished":"2025-03-17T15:59:36+00:00","dateModified":"2025-03-24T14:46:47+00:00","description":"Impacto de la implementaci\u00f3n del Reglamento sobre Deforestaci\u00f3n en la Industria Cosm\u00e9tica: un reto, pero tambi\u00e9n una oportunidad.","breadcrumb":{"@id":"https:\/\/www.laboratoireslelegard.com\/2025\/03\/17\/reglement-2023-1115-reglementation-deforestation\/#breadcrumb"},"inLanguage":"es","potentialAction":[{"@type":"ReadAction","target":["https:\/\/www.laboratoireslelegard.com\/2025\/03\/17\/reglement-2023-1115-reglementation-deforestation\/"]}]},{"@type":"ImageObject","inLanguage":"es","@id":"https:\/\/www.laboratoireslelegard.com\/2025\/03\/17\/reglement-2023-1115-reglementation-deforestation\/#primaryimage","url":"https:\/\/www.laboratoireslelegard.com\/wp-content\/uploads\/2025\/03\/Canva-reglement.png","contentUrl":"https:\/\/www.laboratoireslelegard.com\/wp-content\/uploads\/2025\/03\/Canva-reglement.png","width":4913,"height":3401},{"@type":"BreadcrumbList","@id":"https:\/\/www.laboratoireslelegard.com\/2025\/03\/17\/reglement-2023-1115-reglementation-deforestation\/#breadcrumb","itemListElement":[{"@type":"ListItem","position":1,"name":"Accueil","item":"https:\/\/www.laboratoireslelegard.com\/"},{"@type":"ListItem","position":2,"name":"R\u00e8glement (UE) 2023\/1115 R\u00e8glementation D\u00e9forestation"}]},{"@type":"WebSite","@id":"https:\/\/www.laboratoireslelegard.com\/#website","url":"https:\/\/www.laboratoireslelegard.com\/","name":"Laboratorios Lel\u00e9gard","description":"SERVICIO DE REGULACI\u00d3N Y TOXICOLOG\u00cdA","publisher":{"@id":"https:\/\/www.laboratoireslelegard.com\/#organization"},"potentialAction":[{"@type":"SearchAction","target":{"@type":"EntryPoint","urlTemplate":"https:\/\/www.laboratoireslelegard.com\/?s={search_term_string}"},"query-input":{"@type":"PropertyValueSpecification","valueRequired":true,"valueName":"search_term_string"}}],"inLanguage":"es"},{"@type":"Organization","@id":"https:\/\/www.laboratoireslelegard.com\/#organization","name":"Laboratorios Lel\u00e9gard","url":"https:\/\/www.laboratoireslelegard.com\/","logo":{"@type":"ImageObject","inLanguage":"es","@id":"https:\/\/www.laboratoireslelegard.com\/#\/schema\/logo\/image\/","url":"https:\/\/www.laboratoireslelegard.com\/wp-content\/uploads\/2022\/10\/labolelegard.svg","contentUrl":"https:\/\/www.laboratoireslelegard.com\/wp-content\/uploads\/2022\/10\/labolelegard.svg","width":515,"height":116,"caption":"Laboratoires Lel\u00e9gard"},"image":{"@id":"https:\/\/www.laboratoireslelegard.com\/#\/schema\/logo\/image\/"}},{"@type":"Person","@id":"https:\/\/www.laboratoireslelegard.com\/#\/schema\/person\/2fd5b214031849439255ae250ec66b73","name":"Lo\u00efc CHOSSIERE","image":{"@type":"ImageObject","inLanguage":"es","@id":"https:\/\/www.laboratoireslelegard.com\/#\/schema\/person\/image\/","url":"https:\/\/secure.gravatar.com\/avatar\/68214a8294403ec06da5cfdbb6561192858cde55a3bb4b06732b38c21738dd69?s=96&d=mm&r=g","contentUrl":"https:\/\/secure.gravatar.com\/avatar\/68214a8294403ec06da5cfdbb6561192858cde55a3bb4b06732b38c21738dd69?s=96&d=mm&r=g","caption":"Lo\u00efc CHOSSIERE"},"sameAs":["https:\/\/www.loicchossiere.fr"],"url":"https:\/\/www.laboratoireslelegard.com\/es\/author\/loicchossiere\/"}]}},"_links":{"self":[{"href":"https:\/\/www.laboratoireslelegard.com\/es\/wp-json\/wp\/v2\/posts\/1630","targetHints":{"allow":["GET"]}}],"collection":[{"href":"https:\/\/www.laboratoireslelegard.com\/es\/wp-json\/wp\/v2\/posts"}],"about":[{"href":"https:\/\/www.laboratoireslelegard.com\/es\/wp-json\/wp\/v2\/types\/post"}],"author":[{"embeddable":true,"href":"https:\/\/www.laboratoireslelegard.com\/es\/wp-json\/wp\/v2\/users\/2"}],"replies":[{"embeddable":true,"href":"https:\/\/www.laboratoireslelegard.com\/es\/wp-json\/wp\/v2\/comments?post=1630"}],"version-history":[{"count":17,"href":"https:\/\/www.laboratoireslelegard.com\/es\/wp-json\/wp\/v2\/posts\/1630\/revisions"}],"predecessor-version":[{"id":1656,"href":"https:\/\/www.laboratoireslelegard.com\/es\/wp-json\/wp\/v2\/posts\/1630\/revisions\/1656"}],"wp:featuredmedia":[{"embeddable":true,"href":"https:\/\/www.laboratoireslelegard.com\/es\/wp-json\/wp\/v2\/media\/1582"}],"wp:attachment":[{"href":"https:\/\/www.laboratoireslelegard.com\/es\/wp-json\/wp\/v2\/media?parent=1630"}],"wp:term":[{"taxonomy":"category","embeddable":true,"href":"https:\/\/www.laboratoireslelegard.com\/es\/wp-json\/wp\/v2\/categories?post=1630"},{"taxonomy":"post_tag","embeddable":true,"href":"https:\/\/www.laboratoireslelegard.com\/es\/wp-json\/wp\/v2\/tags?post=1630"}],"curies":[{"name":"wp","href":"https:\/\/api.w.org\/{rel}","templated":true}]}}