{"id":1462,"date":"2023-07-31T16:55:28","date_gmt":"2023-07-31T14:55:28","guid":{"rendered":"https:\/\/www.laboratoireslelegard.com\/?p=1462"},"modified":"2025-11-24T23:30:03","modified_gmt":"2025-11-24T22:30:03","slug":"veroffentlichung-der-51-anderung-der-ifra","status":"publish","type":"post","link":"https:\/\/www.laboratoireslelegard.com\/de\/2023\/07\/31\/veroffentlichung-der-51-anderung-der-ifra\/","title":{"rendered":"Ver\u00f6ffentlichung der 51. \u00c4nderung der IFRA"},"content":{"rendered":"<p>Am 30. Juni 2023 wurde die 51. \u00c4nderung der Standards der IFRA (International Fragrance Association) ver\u00f6ffentlicht. Diese \u00c4nderung bedeutet f\u00fcr alle Akteure der Kosmetik- und Parf\u00fcmindustrie die \u00dcberarbeitung und gegebenenfalls \u00c4nderung von Kosmetikdossiers, aber auch von Rezepturen. Diese \u00c4nderung ist von gro\u00dfer Bedeutung, da sie sich auf sehr verbreitete Molek\u00fcle wie Geraniol auswirkt.<\/p>\n<h4>Diese neue \u00c4nderung f\u00fchrt Folgendes ein:<\/h4>\n<ul>\n<li>47 neue Beschr\u00e4nkungsnormen<\/li>\n<li>1 neue Verbotsnorm<\/li>\n<li>12 \u00fcberarbeitete bestehende Normen (insbesondere Eugenol, Geraniol, Methyleugenol)<\/li>\n<li>2 kleinere Aktualisierungen bestehender Standards und Format\u00e4nderungen<\/li>\n<\/ul>\n<h4>Die 12 Produktkategorien, eingef\u00fchrt im Jahr 49<sup>Problem<\/sup> \u00c4nderung, auch einige \u00c4nderungen:<\/h4>\n<ul>\n<li>Weichsp\u00fcler-T\u00fccher \u2013 Trocknert\u00fccher (Kat. 12)<\/li>\n<li>Kissenspray (Kat. 11B)<\/li>\n<li>Wasserstrahl-Diffusor (Kat. 10A)<\/li>\n<li>Aftershave aller Art (Kat. 4) au\u00dfer Cremes und Balsamen (Kat. 5B)<\/li>\n<\/ul>\n<p>F\u00fcr diese neue \u00c4nderung wurden unterschiedliche Anwendungsdaten festgelegt. Je nach Kosmetikprodukt (Neuheit oder bereits bestehendes Produkt) und den geltenden IFRA-Standards gelten daher unterschiedliche Fristen f\u00fcr die Anpassung Ihrer Produkte an die neuen Vorschriften:<\/p>\n<table>\n<tbody>\n<tr>\n<td width=\"201\">\n<p style=\"text-align: center;\">\n<\/td>\n<td style=\"text-align: center;\" width=\"201\">Datum des Inkrafttretens der Standards f\u00fcr <strong>neue Kreationen<\/strong><\/td>\n<td style=\"text-align: center;\" width=\"201\">Datum des Inkrafttretens der Standards f\u00fcr <strong>bestehende Kreationen<\/strong><\/td>\n<\/tr>\n<tr>\n<td width=\"201\">\n<p style=\"text-align: center;\">IFRA-Standards <strong>verbietend <\/strong>die Verwendung von Zutaten<\/p>\n<\/td>\n<td width=\"201\">\n<p style=\"text-align: center;\">30. August 2023<\/p>\n<\/td>\n<td width=\"201\">\n<p style=\"text-align: center;\">30. Juli 2024<\/p>\n<\/td>\n<\/tr>\n<tr>\n<td style=\"text-align: center;\" width=\"201\">IFRA-Standards <strong>Spezifikationen einschr\u00e4nkend oder festlegend<\/strong> f\u00fcr die Verwendung von Zutaten<\/td>\n<td style=\"text-align: center;\" width=\"201\">30. M\u00e4rz 2024<\/td>\n<td width=\"201\">\n<p style=\"text-align: center;\">30. Oktober 2025<\/p>\n<\/td>\n<\/tr>\n<\/tbody>\n<\/table>\n<p>&nbsp;<\/p>\n<p>Die neuen Beschr\u00e4nkungen oder Verbote werden zu erheblichen \u00c4nderungen in der Rezeptur f\u00fchren. Die Parf\u00fcmlieferanten haben bis zum 30. Januar 2024 Zeit, Ihnen die aktualisierten Daten mitzuteilen. \u00a0Sie k\u00f6nnen jedoch bereits jetzt anhand des Analyseberichts Ihrer Duftstoffe \u00fcberpr\u00fcfen oder \u00fcberpr\u00fcfen lassen, ob Sie davon betroffen sind oder nicht. Wir werden Sie gerne dabei unterst\u00fctzen, diesen f\u00fcr Ihr Unternehmen entscheidenden Schritt bestm\u00f6glich zu bew\u00e4ltigen. Z\u00f6gern Sie nicht, uns zu kontaktieren. <a href=\"https:\/\/www.laboratoireslelegard.com\/de\/kontaktieren-sie-uns\/\">Kontaktieren Sie uns<\/a>.<\/p>\n<p>&nbsp;<\/p>","protected":false},"excerpt":{"rendered":"<p>Am 30. Juni 2023 wurde die 51. \u00c4nderung der Standards der IFRA (International Fragrance Association) ver\u00f6ffentlicht. Diese \u00c4nderung bedeutet f\u00fcr alle Akteure der Kosmetik- und Parf\u00fcmindustrie die \u00dcberarbeitung und gegebenenfalls \u00c4nderung von Kosmetikdossiers, aber auch von Rezepturen. Diese \u00c4nderung ist von gro\u00dfer Bedeutung, da sie sich auf Molek\u00fcle auswirkt [...].<\/p>","protected":false},"author":4,"featured_media":1781,"comment_status":"open","ping_status":"open","sticky":false,"template":"","format":"standard","meta":{"_acf_changed":false,"footnotes":""},"categories":[124],"tags":[],"class_list":["post-1462","post","type-post","status-publish","format-standard","has-post-thumbnail","hentry","category-reglementation"],"acf":[],"yoast_head":"<!-- This site is optimized with the Yoast SEO plugin v24.6 - https:\/\/yoast.com\/wordpress\/plugins\/seo\/ -->\n<title>Parution du 51\u00e8me amendement de l&#039;IFRA<\/title>\n<meta name=\"description\" content=\"Le 51\u00e8me amendement des standards de l\u2019IFRA est sortie. Ceci implique pour l\u2019ensemble des acteurs de la cosm\u00e9tique la r\u00e9vision des DIP\" \/>\n<meta name=\"robots\" content=\"index, follow, max-snippet:-1, max-image-preview:large, max-video-preview:-1\" \/>\n<link rel=\"canonical\" href=\"https:\/\/www.laboratoireslelegard.com\/de\/2023\/07\/31\/veroffentlichung-der-51-anderung-der-ifra\/\" \/>\n<meta property=\"og:locale\" content=\"de_DE\" \/>\n<meta property=\"og:type\" content=\"article\" \/>\n<meta property=\"og:title\" content=\"Parution du 51\u00e8me amendement de l&#039;IFRA\" \/>\n<meta property=\"og:description\" content=\"Le 51\u00e8me amendement des standards de l\u2019IFRA est sortie. Ceci implique pour l\u2019ensemble des acteurs de la cosm\u00e9tique la r\u00e9vision des DIP\" \/>\n<meta property=\"og:url\" content=\"https:\/\/www.laboratoireslelegard.com\/de\/2023\/07\/31\/veroffentlichung-der-51-anderung-der-ifra\/\" \/>\n<meta property=\"og:site_name\" content=\"Laboratoires Lel\u00e9gard\" \/>\n<meta property=\"article:published_time\" content=\"2023-07-31T14:55:28+00:00\" \/>\n<meta property=\"article:modified_time\" content=\"2025-11-24T22:30:03+00:00\" \/>\n<meta property=\"og:image\" content=\"https:\/\/www.laboratoireslelegard.com\/wp-content\/uploads\/2025\/11\/IFRA.jpg\" \/>\n\t<meta property=\"og:image:width\" content=\"1200\" \/>\n\t<meta property=\"og:image:height\" content=\"1200\" \/>\n\t<meta property=\"og:image:type\" content=\"image\/jpeg\" \/>\n<meta name=\"author\" content=\"M\u00e9lissa Demargne\" \/>\n<meta name=\"twitter:card\" content=\"summary_large_image\" \/>\n<meta name=\"twitter:label1\" content=\"Verfasst von\" \/>\n\t<meta name=\"twitter:data1\" content=\"M\u00e9lissa Demargne\" \/>\n\t<meta name=\"twitter:label2\" content=\"Gesch\u00e4tzte Lesezeit\" \/>\n\t<meta name=\"twitter:data2\" content=\"2\u00a0Minuten\" \/>\n<script type=\"application\/ld+json\" class=\"yoast-schema-graph\">{\"@context\":\"https:\/\/schema.org\",\"@graph\":[{\"@type\":\"Article\",\"@id\":\"https:\/\/www.laboratoireslelegard.com\/2023\/07\/31\/parution-du-51eme-amendement-de-ifra\/#article\",\"isPartOf\":{\"@id\":\"https:\/\/www.laboratoireslelegard.com\/2023\/07\/31\/parution-du-51eme-amendement-de-ifra\/\"},\"author\":{\"name\":\"M\u00e9lissa Demargne\",\"@id\":\"https:\/\/www.laboratoireslelegard.com\/#\/schema\/person\/0be84c5202e26422ba4e8a1a8bfa80e6\"},\"headline\":\"Parution du 51\u00e8me amendement de l&rsquo;IFRA\",\"datePublished\":\"2023-07-31T14:55:28+00:00\",\"dateModified\":\"2025-11-24T22:30:03+00:00\",\"mainEntityOfPage\":{\"@id\":\"https:\/\/www.laboratoireslelegard.com\/2023\/07\/31\/parution-du-51eme-amendement-de-ifra\/\"},\"wordCount\":357,\"commentCount\":3,\"publisher\":{\"@id\":\"https:\/\/www.laboratoireslelegard.com\/#organization\"},\"image\":{\"@id\":\"https:\/\/www.laboratoireslelegard.com\/2023\/07\/31\/parution-du-51eme-amendement-de-ifra\/#primaryimage\"},\"thumbnailUrl\":\"https:\/\/www.laboratoireslelegard.com\/wp-content\/uploads\/2025\/11\/IFRA.jpg\",\"articleSection\":[\"R\u00e9glementation\"],\"inLanguage\":\"de\",\"potentialAction\":[{\"@type\":\"CommentAction\",\"name\":\"Comment\",\"target\":[\"https:\/\/www.laboratoireslelegard.com\/2023\/07\/31\/parution-du-51eme-amendement-de-ifra\/#respond\"]}]},{\"@type\":\"WebPage\",\"@id\":\"https:\/\/www.laboratoireslelegard.com\/2023\/07\/31\/parution-du-51eme-amendement-de-ifra\/\",\"url\":\"https:\/\/www.laboratoireslelegard.com\/2023\/07\/31\/parution-du-51eme-amendement-de-ifra\/\",\"name\":\"Parution du 51\u00e8me amendement de l'IFRA\",\"isPartOf\":{\"@id\":\"https:\/\/www.laboratoireslelegard.com\/#website\"},\"primaryImageOfPage\":{\"@id\":\"https:\/\/www.laboratoireslelegard.com\/2023\/07\/31\/parution-du-51eme-amendement-de-ifra\/#primaryimage\"},\"image\":{\"@id\":\"https:\/\/www.laboratoireslelegard.com\/2023\/07\/31\/parution-du-51eme-amendement-de-ifra\/#primaryimage\"},\"thumbnailUrl\":\"https:\/\/www.laboratoireslelegard.com\/wp-content\/uploads\/2025\/11\/IFRA.jpg\",\"datePublished\":\"2023-07-31T14:55:28+00:00\",\"dateModified\":\"2025-11-24T22:30:03+00:00\",\"description\":\"Le 51\u00e8me amendement des standards de l\u2019IFRA est sortie. Ceci implique pour l\u2019ensemble des acteurs de la cosm\u00e9tique la r\u00e9vision des DIP\",\"breadcrumb\":{\"@id\":\"https:\/\/www.laboratoireslelegard.com\/2023\/07\/31\/parution-du-51eme-amendement-de-ifra\/#breadcrumb\"},\"inLanguage\":\"de\",\"potentialAction\":[{\"@type\":\"ReadAction\",\"target\":[\"https:\/\/www.laboratoireslelegard.com\/2023\/07\/31\/parution-du-51eme-amendement-de-ifra\/\"]}]},{\"@type\":\"ImageObject\",\"inLanguage\":\"de\",\"@id\":\"https:\/\/www.laboratoireslelegard.com\/2023\/07\/31\/parution-du-51eme-amendement-de-ifra\/#primaryimage\",\"url\":\"https:\/\/www.laboratoireslelegard.com\/wp-content\/uploads\/2025\/11\/IFRA.jpg\",\"contentUrl\":\"https:\/\/www.laboratoireslelegard.com\/wp-content\/uploads\/2025\/11\/IFRA.jpg\",\"width\":1200,\"height\":1200},{\"@type\":\"BreadcrumbList\",\"@id\":\"https:\/\/www.laboratoireslelegard.com\/2023\/07\/31\/parution-du-51eme-amendement-de-ifra\/#breadcrumb\",\"itemListElement\":[{\"@type\":\"ListItem\",\"position\":1,\"name\":\"Accueil\",\"item\":\"https:\/\/www.laboratoireslelegard.com\/\"},{\"@type\":\"ListItem\",\"position\":2,\"name\":\"Parution du 51\u00e8me amendement de l&rsquo;IFRA\"}]},{\"@type\":\"WebSite\",\"@id\":\"https:\/\/www.laboratoireslelegard.com\/#website\",\"url\":\"https:\/\/www.laboratoireslelegard.com\/\",\"name\":\"Laboratoires Lel\u00e9gard\",\"description\":\"SERVICE DE REGLEMENTATION ET TOXICOLOGIE\",\"publisher\":{\"@id\":\"https:\/\/www.laboratoireslelegard.com\/#organization\"},\"potentialAction\":[{\"@type\":\"SearchAction\",\"target\":{\"@type\":\"EntryPoint\",\"urlTemplate\":\"https:\/\/www.laboratoireslelegard.com\/?s={search_term_string}\"},\"query-input\":{\"@type\":\"PropertyValueSpecification\",\"valueRequired\":true,\"valueName\":\"search_term_string\"}}],\"inLanguage\":\"de\"},{\"@type\":\"Organization\",\"@id\":\"https:\/\/www.laboratoireslelegard.com\/#organization\",\"name\":\"Laboratoires Lel\u00e9gard\",\"url\":\"https:\/\/www.laboratoireslelegard.com\/\",\"logo\":{\"@type\":\"ImageObject\",\"inLanguage\":\"de\",\"@id\":\"https:\/\/www.laboratoireslelegard.com\/#\/schema\/logo\/image\/\",\"url\":\"https:\/\/www.laboratoireslelegard.com\/wp-content\/uploads\/2022\/10\/labolelegard.svg\",\"contentUrl\":\"https:\/\/www.laboratoireslelegard.com\/wp-content\/uploads\/2022\/10\/labolelegard.svg\",\"width\":515,\"height\":116,\"caption\":\"Laboratoires Lel\u00e9gard\"},\"image\":{\"@id\":\"https:\/\/www.laboratoireslelegard.com\/#\/schema\/logo\/image\/\"}},{\"@type\":\"Person\",\"@id\":\"https:\/\/www.laboratoireslelegard.com\/#\/schema\/person\/0be84c5202e26422ba4e8a1a8bfa80e6\",\"name\":\"M\u00e9lissa Demargne\",\"image\":{\"@type\":\"ImageObject\",\"inLanguage\":\"de\",\"@id\":\"https:\/\/www.laboratoireslelegard.com\/#\/schema\/person\/image\/\",\"url\":\"https:\/\/secure.gravatar.com\/avatar\/37266a753d58326e72a36b8471dea34c58ab9dbea45c2c2885e3389c862d6c15?s=96&d=mm&r=g\",\"contentUrl\":\"https:\/\/secure.gravatar.com\/avatar\/37266a753d58326e72a36b8471dea34c58ab9dbea45c2c2885e3389c862d6c15?s=96&d=mm&r=g\",\"caption\":\"M\u00e9lissa Demargne\"},\"url\":\"https:\/\/www.laboratoireslelegard.com\/de\/author\/melissa-demargne\/\"}]}<\/script>\n<!-- \/ Yoast SEO plugin. -->","yoast_head_json":{"title":"Ver\u00f6ffentlichung der 51. \u00c4nderung der IFRA","description":"Die 51. \u00c4nderung der IFRA-Standards wurde ver\u00f6ffentlicht. Dies bedeutet f\u00fcr alle Akteure der Kosmetikbranche eine \u00dcberarbeitung der DIP.","robots":{"index":"index","follow":"follow","max-snippet":"max-snippet:-1","max-image-preview":"max-image-preview:large","max-video-preview":"max-video-preview:-1"},"canonical":"https:\/\/www.laboratoireslelegard.com\/de\/2023\/07\/31\/veroffentlichung-der-51-anderung-der-ifra\/","og_locale":"de_DE","og_type":"article","og_title":"Parution du 51\u00e8me amendement de l'IFRA","og_description":"Le 51\u00e8me amendement des standards de l\u2019IFRA est sortie. Ceci implique pour l\u2019ensemble des acteurs de la cosm\u00e9tique la r\u00e9vision des DIP","og_url":"https:\/\/www.laboratoireslelegard.com\/de\/2023\/07\/31\/veroffentlichung-der-51-anderung-der-ifra\/","og_site_name":"Laboratoires Lel\u00e9gard","article_published_time":"2023-07-31T14:55:28+00:00","article_modified_time":"2025-11-24T22:30:03+00:00","og_image":[{"width":1200,"height":1200,"url":"https:\/\/www.laboratoireslelegard.com\/wp-content\/uploads\/2025\/11\/IFRA.jpg","type":"image\/jpeg"}],"author":"M\u00e9lissa Demargne","twitter_card":"summary_large_image","twitter_misc":{"Verfasst von":"M\u00e9lissa Demargne","Gesch\u00e4tzte Lesezeit":"2\u00a0Minuten"},"schema":{"@context":"https:\/\/schema.org","@graph":[{"@type":"Article","@id":"https:\/\/www.laboratoireslelegard.com\/2023\/07\/31\/parution-du-51eme-amendement-de-ifra\/#article","isPartOf":{"@id":"https:\/\/www.laboratoireslelegard.com\/2023\/07\/31\/parution-du-51eme-amendement-de-ifra\/"},"author":{"name":"M\u00e9lissa Demargne","@id":"https:\/\/www.laboratoireslelegard.com\/#\/schema\/person\/0be84c5202e26422ba4e8a1a8bfa80e6"},"headline":"Parution du 51\u00e8me amendement de l&rsquo;IFRA","datePublished":"2023-07-31T14:55:28+00:00","dateModified":"2025-11-24T22:30:03+00:00","mainEntityOfPage":{"@id":"https:\/\/www.laboratoireslelegard.com\/2023\/07\/31\/parution-du-51eme-amendement-de-ifra\/"},"wordCount":357,"commentCount":3,"publisher":{"@id":"https:\/\/www.laboratoireslelegard.com\/#organization"},"image":{"@id":"https:\/\/www.laboratoireslelegard.com\/2023\/07\/31\/parution-du-51eme-amendement-de-ifra\/#primaryimage"},"thumbnailUrl":"https:\/\/www.laboratoireslelegard.com\/wp-content\/uploads\/2025\/11\/IFRA.jpg","articleSection":["R\u00e9glementation"],"inLanguage":"de","potentialAction":[{"@type":"CommentAction","name":"Comment","target":["https:\/\/www.laboratoireslelegard.com\/2023\/07\/31\/parution-du-51eme-amendement-de-ifra\/#respond"]}]},{"@type":"WebPage","@id":"https:\/\/www.laboratoireslelegard.com\/2023\/07\/31\/parution-du-51eme-amendement-de-ifra\/","url":"https:\/\/www.laboratoireslelegard.com\/2023\/07\/31\/parution-du-51eme-amendement-de-ifra\/","name":"Ver\u00f6ffentlichung der 51. \u00c4nderung der IFRA","isPartOf":{"@id":"https:\/\/www.laboratoireslelegard.com\/#website"},"primaryImageOfPage":{"@id":"https:\/\/www.laboratoireslelegard.com\/2023\/07\/31\/parution-du-51eme-amendement-de-ifra\/#primaryimage"},"image":{"@id":"https:\/\/www.laboratoireslelegard.com\/2023\/07\/31\/parution-du-51eme-amendement-de-ifra\/#primaryimage"},"thumbnailUrl":"https:\/\/www.laboratoireslelegard.com\/wp-content\/uploads\/2025\/11\/IFRA.jpg","datePublished":"2023-07-31T14:55:28+00:00","dateModified":"2025-11-24T22:30:03+00:00","description":"Die 51. \u00c4nderung der IFRA-Standards wurde ver\u00f6ffentlicht. Dies bedeutet f\u00fcr alle Akteure der Kosmetikbranche eine \u00dcberarbeitung der DIP.","breadcrumb":{"@id":"https:\/\/www.laboratoireslelegard.com\/2023\/07\/31\/parution-du-51eme-amendement-de-ifra\/#breadcrumb"},"inLanguage":"de","potentialAction":[{"@type":"ReadAction","target":["https:\/\/www.laboratoireslelegard.com\/2023\/07\/31\/parution-du-51eme-amendement-de-ifra\/"]}]},{"@type":"ImageObject","inLanguage":"de","@id":"https:\/\/www.laboratoireslelegard.com\/2023\/07\/31\/parution-du-51eme-amendement-de-ifra\/#primaryimage","url":"https:\/\/www.laboratoireslelegard.com\/wp-content\/uploads\/2025\/11\/IFRA.jpg","contentUrl":"https:\/\/www.laboratoireslelegard.com\/wp-content\/uploads\/2025\/11\/IFRA.jpg","width":1200,"height":1200},{"@type":"BreadcrumbList","@id":"https:\/\/www.laboratoireslelegard.com\/2023\/07\/31\/parution-du-51eme-amendement-de-ifra\/#breadcrumb","itemListElement":[{"@type":"ListItem","position":1,"name":"Accueil","item":"https:\/\/www.laboratoireslelegard.com\/"},{"@type":"ListItem","position":2,"name":"Parution du 51\u00e8me amendement de l&rsquo;IFRA"}]},{"@type":"WebSite","@id":"https:\/\/www.laboratoireslelegard.com\/#website","url":"https:\/\/www.laboratoireslelegard.com\/","name":"Lel\u00e9gard Laboratories","description":"REGULIERUNGS- UND TOXIKOLOGIEDIENST","publisher":{"@id":"https:\/\/www.laboratoireslelegard.com\/#organization"},"potentialAction":[{"@type":"SearchAction","target":{"@type":"EntryPoint","urlTemplate":"https:\/\/www.laboratoireslelegard.com\/?s={search_term_string}"},"query-input":{"@type":"PropertyValueSpecification","valueRequired":true,"valueName":"search_term_string"}}],"inLanguage":"de"},{"@type":"Organization","@id":"https:\/\/www.laboratoireslelegard.com\/#organization","name":"Lel\u00e9gard Laboratories","url":"https:\/\/www.laboratoireslelegard.com\/","logo":{"@type":"ImageObject","inLanguage":"de","@id":"https:\/\/www.laboratoireslelegard.com\/#\/schema\/logo\/image\/","url":"https:\/\/www.laboratoireslelegard.com\/wp-content\/uploads\/2022\/10\/labolelegard.svg","contentUrl":"https:\/\/www.laboratoireslelegard.com\/wp-content\/uploads\/2022\/10\/labolelegard.svg","width":515,"height":116,"caption":"Laboratoires Lel\u00e9gard"},"image":{"@id":"https:\/\/www.laboratoireslelegard.com\/#\/schema\/logo\/image\/"}},{"@type":"Person","@id":"https:\/\/www.laboratoireslelegard.com\/#\/schema\/person\/0be84c5202e26422ba4e8a1a8bfa80e6","name":"M\u00e9lissa Demargne","image":{"@type":"ImageObject","inLanguage":"de","@id":"https:\/\/www.laboratoireslelegard.com\/#\/schema\/person\/image\/","url":"https:\/\/secure.gravatar.com\/avatar\/37266a753d58326e72a36b8471dea34c58ab9dbea45c2c2885e3389c862d6c15?s=96&d=mm&r=g","contentUrl":"https:\/\/secure.gravatar.com\/avatar\/37266a753d58326e72a36b8471dea34c58ab9dbea45c2c2885e3389c862d6c15?s=96&d=mm&r=g","caption":"M\u00e9lissa Demargne"},"url":"https:\/\/www.laboratoireslelegard.com\/de\/author\/melissa-demargne\/"}]}},"_links":{"self":[{"href":"https:\/\/www.laboratoireslelegard.com\/de\/wp-json\/wp\/v2\/posts\/1462","targetHints":{"allow":["GET"]}}],"collection":[{"href":"https:\/\/www.laboratoireslelegard.com\/de\/wp-json\/wp\/v2\/posts"}],"about":[{"href":"https:\/\/www.laboratoireslelegard.com\/de\/wp-json\/wp\/v2\/types\/post"}],"author":[{"embeddable":true,"href":"https:\/\/www.laboratoireslelegard.com\/de\/wp-json\/wp\/v2\/users\/4"}],"replies":[{"embeddable":true,"href":"https:\/\/www.laboratoireslelegard.com\/de\/wp-json\/wp\/v2\/comments?post=1462"}],"version-history":[{"count":2,"href":"https:\/\/www.laboratoireslelegard.com\/de\/wp-json\/wp\/v2\/posts\/1462\/revisions"}],"predecessor-version":[{"id":1465,"href":"https:\/\/www.laboratoireslelegard.com\/de\/wp-json\/wp\/v2\/posts\/1462\/revisions\/1465"}],"wp:featuredmedia":[{"embeddable":true,"href":"https:\/\/www.laboratoireslelegard.com\/de\/wp-json\/wp\/v2\/media\/1781"}],"wp:attachment":[{"href":"https:\/\/www.laboratoireslelegard.com\/de\/wp-json\/wp\/v2\/media?parent=1462"}],"wp:term":[{"taxonomy":"category","embeddable":true,"href":"https:\/\/www.laboratoireslelegard.com\/de\/wp-json\/wp\/v2\/categories?post=1462"},{"taxonomy":"post_tag","embeddable":true,"href":"https:\/\/www.laboratoireslelegard.com\/de\/wp-json\/wp\/v2\/tags?post=1462"}],"curies":[{"name":"wp","href":"https:\/\/api.w.org\/{rel}","templated":true}]}}